{"id":31991,"date":"2025-02-15T13:45:23","date_gmt":"2025-02-15T13:45:23","guid":{"rendered":"https:\/\/247stiri.ro\/index.php\/2025\/02\/15\/cum-iti-defineste-personalitatea-anotimpul-in-care-te-ai-nascut-invataturile-surprinzatoare-pe-care-le-poti-descoperi-despre-tine\/"},"modified":"2025-02-15T13:45:23","modified_gmt":"2025-02-15T13:45:23","slug":"cum-iti-defineste-personalitatea-anotimpul-in-care-te-ai-nascut-invataturile-surprinzatoare-pe-care-le-poti-descoperi-despre-tine","status":"publish","type":"post","link":"https:\/\/247stiri.ro\/index.php\/2025\/02\/15\/cum-iti-defineste-personalitatea-anotimpul-in-care-te-ai-nascut-invataturile-surprinzatoare-pe-care-le-poti-descoperi-despre-tine\/","title":{"rendered":"Cum \u00ee\u021bi define\u0219te personalitatea anotimpul \u00een care te-ai n\u0103scut. \u00cenv\u0103\u021b\u0103turile surprinz\u0103toare pe care le po\u021bi descoperi despre tine"},"content":{"rendered":"<p>Cei n\u0103scu\u021bi prim\u0103vara au inimi deschise<\/p>\n<p>Persoanele n\u0103scute \u00een prim\u0103var\u0103 sunt recunoscute pentru optimismul lor contagios \u0219i deschiderea fa\u021b\u0103 de nou. Caracterizate de o bun\u0103tate intrinsec\u0103, aceste persoane sunt deseori coloana vertebral\u0103 emo\u021bional\u0103 a grupului lor de prieteni, oferind suport \u0219i sfaturi valoroase. Cu un sim\u021b al aventurii bine dezvoltat, prim\u0103vara le \u00eencurajeaz\u0103 s\u0103 exploreze \u0219i s\u0103 \u00ee\u0219i l\u0103rgeasc\u0103 orizonturile.<\/p>\n<p>Verile \u0219i spiritele independente<\/p>\n<p>Independen\u021ba este cuv\u00e2ntul de ordine pentru cei n\u0103scu\u021bi \u00een lunile c\u0103lduroase de var\u0103. Ace\u0219ti nativi se remarc\u0103 printr-o mare ingeniozitate \u0219i o imagina\u021bie bogat\u0103, ceea ce \u00eei face potrivi\u021bi pentru cariere creative. Sinceritatea \u0219i vibra\u021bia pozitiv\u0103 pe care o transmit \u00eei fac pe ceilal\u021bi s\u0103 se simt\u0103 confortabil \u00een prezen\u021ba lor, fiind adesea sufletul petrecerilor.<\/p>\n<p><a title=\"Obiceiuri romanesti in februarie. Ce spune traditia legat de a doua luna din calendar\" href=\"https:\/\/www.realitatea.net\/stiri\/actual\/obiceiuri-romanesti-in-februarie-ce-spune-traditia-legat-de-a-doua-luna-din-calendar_6799e9a08223024ed3491834\">Obiceiuri rom\u00e2ne\u0219ti \u00een februarie. Ce spune tradi\u021bia legat de a doua lun\u0103 din calendar<\/a><\/p>\n<p>Toamna: Organiza\u021bi \u0219i analitici<\/p>\n<p>Nativii toamnei se disting prin abilit\u0103\u021bile lor de analiz\u0103 \u0219i organizare. Pruden\u021bi \u0219i cu un sim\u021b acut al detaliului, ei sunt capabili s\u0103 detecteze incoeren\u021bele \u0219i minciunile, ceea ce \u00eei transform\u0103 \u00een interlocutori de \u00eencredere \u0219i consilieri valoro\u0219i. Deschiderea lor mental\u0103 \u0219i dorin\u021ba de a \u00eemp\u0103rt\u0103\u0219i fac din ei prieteni de n\u0103dejde \u0219i parteneri de discu\u021bie aprecia\u021bi.<\/p>\n<p>Iarna: Discre\u021bi \u0219i loiali<\/p>\n<p>Cei n\u0103scu\u021bi \u00een anotimpul rece prefer\u0103 s\u0103 r\u0103m\u00e2n\u0103 \u00een afara centrului aten\u021biei, dar asta nu \u00eenseamn\u0103 c\u0103 nu sunt aprecia\u021bi pentru autenticitatea \u0219i generozitatea lor. Odat\u0103 ce cineva c\u00e2\u0219tig\u0103 \u00eencrederea lor, devin prieteni sau parteneri extrem de loiali \u0219i dedica\u021bi. Nativii iernii sunt de asemenea cunoscu\u021bi pentru calit\u0103\u021bile lor de gazde, \u0219tiind cum s\u0103 creeze un mediu cald \u0219i primitor.<\/p>\n<p>De\u0219i factorii genetici \u0219i mediul \u00eenconjur\u0103tor joac\u0103 roluri predominante \u00een dezvoltarea personalit\u0103\u021bii, ideea c\u0103 anotimpul na\u0219terii ne poate influen\u021ba caracteristicile nu este de ignorat. Aceast\u0103 abordare ofer\u0103 o perspectiv\u0103 interesant\u0103 asupra modului \u00een care interac\u021bion\u0103m cu lumea, \u0219i, de\u0219i nu trebuie s\u0103 ne definim exclusiv prin prisma anotimpului \u00een care ne-am n\u0103scut, este interesant s\u0103 explor\u0103m aceste influen\u021be poten\u021biale asupra personalit\u0103\u021bii noastre.<\/p>\n<p><a title=\"Cand este recomandat sa te tunzi, in functie de fazele Lunii si de ce?\" href=\"https:\/\/www.realitatea.net\/stiri\/actual\/cand-este-recomandat-sa-te-tunzi-in-functie-de-fazele-lunii-si-de-ce_67a471a6bbdc986a081696d9\">C\u00e2nd este recomandat s\u0103 te tunzi, \u00een func\u021bie de fazele Lunii \u0219i de ce?<\/a><\/p>","protected":false},"excerpt":{"rendered":"<p>Cei n\u0103scu\u021bi prim\u0103vara au inimi deschise Persoanele n\u0103scute \u00een prim\u0103var\u0103 sunt recunoscute pentru optimismul lor&hellip;<\/p>\n","protected":false},"author":0,"featured_media":31984,"comment_status":"open","ping_status":"open","sticky":false,"template":"","format":"standard","meta":{"footnotes":""},"categories":[2],"tags":[],"class_list":["post-31991","post","type-post","status-publish","format-standard","has-post-thumbnail","hentry","category-actual"],"_links":{"self":[{"href":"https:\/\/247stiri.ro\/index.php\/wp-json\/wp\/v2\/posts\/31991","targetHints":{"allow":["GET"]}}],"collection":[{"href":"https:\/\/247stiri.ro\/index.php\/wp-json\/wp\/v2\/posts"}],"about":[{"href":"https:\/\/247stiri.ro\/index.php\/wp-json\/wp\/v2\/types\/post"}],"replies":[{"embeddable":true,"href":"https:\/\/247stiri.ro\/index.php\/wp-json\/wp\/v2\/comments?post=31991"}],"version-history":[{"count":0,"href":"https:\/\/247stiri.ro\/index.php\/wp-json\/wp\/v2\/posts\/31991\/revisions"}],"wp:featuredmedia":[{"embeddable":true,"href":"https:\/\/247stiri.ro\/index.php\/wp-json\/wp\/v2\/media\/31984"}],"wp:attachment":[{"href":"https:\/\/247stiri.ro\/index.php\/wp-json\/wp\/v2\/media?parent=31991"}],"wp:term":[{"taxonomy":"category","embeddable":true,"href":"https:\/\/247stiri.ro\/index.php\/wp-json\/wp\/v2\/categories?post=31991"},{"taxonomy":"post_tag","embeddable":true,"href":"https:\/\/247stiri.ro\/index.php\/wp-json\/wp\/v2\/tags?post=31991"}],"curies":[{"name":"wp","href":"https:\/\/api.w.org\/{rel}","templated":true}]}}