{"id":31996,"date":"2025-02-15T14:44:58","date_gmt":"2025-02-15T14:44:58","guid":{"rendered":"https:\/\/247stiri.ro\/index.php\/2025\/02\/15\/intalnire-de-taina-ilie-bolojan-se-pune-bine-cu-oamenii-de-afaceri-presedintele-interimar-le-a-promis-alegeri-libere\/"},"modified":"2025-02-15T14:44:58","modified_gmt":"2025-02-15T14:44:58","slug":"intalnire-de-taina-ilie-bolojan-se-pune-bine-cu-oamenii-de-afaceri-presedintele-interimar-le-a-promis-alegeri-libere","status":"publish","type":"post","link":"https:\/\/247stiri.ro\/index.php\/2025\/02\/15\/intalnire-de-taina-ilie-bolojan-se-pune-bine-cu-oamenii-de-afaceri-presedintele-interimar-le-a-promis-alegeri-libere\/","title":{"rendered":"\u00cent\u00e2lnire de tain\u0103: Ilie Bolojan se pune bine cu oamenii de afaceri. Pre\u0219edintele interimar le-a promis alegeri libere"},"content":{"rendered":"<p>Reprezentan\u021bii mediului de afaceri au subliniat necesitatea unor mesaje clare din partea autorit\u0103\u021bilor, care s\u0103 ofere o direc\u021bie bine definit\u0103 pentru viitorul Rom\u00e2niei. Ace\u0219tia au exprimat un sprijin ferm pentru men\u021binerea \u021b\u0103rii pe un parcurs proeuropean \u0219i euroatlantic, eviden\u021biind importan\u021ba stabilit\u0103\u021bii politice pentru dezvoltarea economic\u0103.<\/p>\n<p>\u201ePre\u0219edintele interimar al Rom\u00e2niei, Ilie Bolojan, a primit s\u00e2mb\u0103t\u0103, 15 februarie 2025, la Palatul Cotroceni, o delega\u021bie a mediului de afaceri din Rom\u00e2nia, compus\u0103 din membri ai Confedera\u021biei Patronale Concordia \u0219i ai Funda\u021biei Romanian Business Leaders.<\/p>\n<p>\u00cent\u00e2lnirea a avut loc \u00een contextul nevoii sectorului privat de mesaje clare \u0219i de o perspectiv\u0103 clar\u0103 cu privire la traiectoria Rom\u00e2niei, date fiind evolu\u021biile recente din plan politic \u0219i interna\u021bional.<\/p>\n<p>Reprezentan\u021bii mediului de afaceri i-au transmis Pre\u0219edintelui sus\u021binerea lor pentru men\u021binerea Rom\u00e2niei pe un parcurs proeuropean \u0219i euroatlantic.<\/p>\n<p><a title=\"Cristian Diaconescu, noul consilier al lui Ilie Bolojan. Ce atributii va avea fostul candidat la presedintia Romaniei\" href=\"https:\/\/www.realitatea.net\/stiri\/lifestyle\/cristian-diaconescu-noul-consilier-al-lui-ilie-bolojan-ce-atributii-va-avea-fostul-candidat-la-presedintia-romaniei_67af387457394443533e30f2\">Cristian Diaconescu, noul consilier al lui Ilie Bolojan. Ce atribu\u021bii va avea fostul candidat la pre\u0219edin\u021bia Rom\u00e2niei<\/a><\/p>\n<p>\u00cen ceea ce prive\u0219te dinamica politic\u0103 intern\u0103, ace\u0219tia au reiterat necesitatea adopt\u0103rii unor m\u0103suri care s\u0103 genereze stabilitate \u0219i predictibilitate \u0219i care s\u0103 conduc\u0103 la \u00eembun\u0103t\u0103\u021birea capacit\u0103\u021bii de implementare a reformelor \u0219i a investi\u021biilor, la nivelul institu\u021biilor statului rom\u00e2n.<\/p>\n<p>De asemenea, a fost subliniat\u0103 importan\u021ba unei absorb\u021bii mai eficiente a fondurilor europene pentru sus\u021binerea economiei \u0219i continuarea investi\u021biilor.<\/p>\n<p>\u00cen cadrul \u00eent\u00e2lnirii, au fost abordate \u0219i \u00eengrijor\u0103rile mediului privat \u00een ceea ce prive\u0219te efectele m\u0103surilor fiscal-bugetare adoptate recent \u0219i sustenabilitatea finan\u021belor publice, dar \u0219i aspecte privind schimb\u0103rile necesare pentru dezvoltarea mediului de afaceri autohton.<\/p>\n<p>Pre\u0219edintele interimar Ilie Bolojan a exprimat deschiderea sa pentru dialogul constructiv dintre mediul privat \u0219i deciden\u021bii politici pe teme ce privesc mediul de afaceri \u0219i politicile publice cu impact asupra economiei. Totodat\u0103, Pre\u0219edintele a dat asigur\u0103ri c\u0103 va \u00eentreprinde toate demersurile necesare, \u00een limita atribu\u021biilor sale, pentru organizarea unor alegeri libere, corecte \u0219i transparente \u0219i pentru rec\u00e2\u0219tigarea \u00eencrederii \u00een institu\u021biile statului.<\/p>\n<p>Pre\u0219edintele interimar al Rom\u00e2niei \u0219i reprezentan\u021bii mediului antreprenorial au convenit s\u0103 men\u021bin\u0103 un dialog constant \u0219i s\u0103 organizeze consult\u0103ri periodice pe teme de interes economic \u0219i institu\u021bional\u201d, arat\u0103 un comunicat al Administra\u021biei Preziden\u021biale.<\/p>\n<p><a title=\"Prima reactie de la Cotroceni la acuzatiile aduse de vicepresedintele SUA la adresa alegerilor prezidentiale din Romania\" href=\"https:\/\/www.realitatea.net\/stiri\/actual\/prima-reactie-de-la-cotroceni-la-acuzatiile-aduse-de-vicepresedintele-sua-la-adresa-alegerilor-prezidentiale-din-romania_67af6de88277247970059ca5\">Prima reac\u021bie de la Cotroceni la acuza\u021biile aduse de vicepre\u0219edintele SUA la adresa alegerilor preziden\u021biale din Rom\u00e2nia<\/a><\/p>","protected":false},"excerpt":{"rendered":"<p>Reprezentan\u021bii mediului de afaceri au subliniat necesitatea unor mesaje clare din partea autorit\u0103\u021bilor, care s\u0103&hellip;<\/p>\n","protected":false},"author":0,"featured_media":31986,"comment_status":"open","ping_status":"open","sticky":false,"template":"","format":"standard","meta":{"footnotes":""},"categories":[2],"tags":[],"class_list":["post-31996","post","type-post","status-publish","format-standard","has-post-thumbnail","hentry","category-actual"],"_links":{"self":[{"href":"https:\/\/247stiri.ro\/index.php\/wp-json\/wp\/v2\/posts\/31996","targetHints":{"allow":["GET"]}}],"collection":[{"href":"https:\/\/247stiri.ro\/index.php\/wp-json\/wp\/v2\/posts"}],"about":[{"href":"https:\/\/247stiri.ro\/index.php\/wp-json\/wp\/v2\/types\/post"}],"replies":[{"embeddable":true,"href":"https:\/\/247stiri.ro\/index.php\/wp-json\/wp\/v2\/comments?post=31996"}],"version-history":[{"count":0,"href":"https:\/\/247stiri.ro\/index.php\/wp-json\/wp\/v2\/posts\/31996\/revisions"}],"wp:featuredmedia":[{"embeddable":true,"href":"https:\/\/247stiri.ro\/index.php\/wp-json\/wp\/v2\/media\/31986"}],"wp:attachment":[{"href":"https:\/\/247stiri.ro\/index.php\/wp-json\/wp\/v2\/media?parent=31996"}],"wp:term":[{"taxonomy":"category","embeddable":true,"href":"https:\/\/247stiri.ro\/index.php\/wp-json\/wp\/v2\/categories?post=31996"},{"taxonomy":"post_tag","embeddable":true,"href":"https:\/\/247stiri.ro\/index.php\/wp-json\/wp\/v2\/tags?post=31996"}],"curies":[{"name":"wp","href":"https:\/\/api.w.org\/{rel}","templated":true}]}}