{"id":32001,"date":"2025-02-15T15:46:56","date_gmt":"2025-02-15T15:46:56","guid":{"rendered":"https:\/\/247stiri.ro\/index.php\/2025\/02\/15\/decizie-controversata-bolojan-si-a-mutat-consiliera-de-la-oradea-la-cotroceni\/"},"modified":"2025-02-15T15:46:56","modified_gmt":"2025-02-15T15:46:56","slug":"decizie-controversata-bolojan-si-a-mutat-consiliera-de-la-oradea-la-cotroceni","status":"publish","type":"post","link":"https:\/\/247stiri.ro\/index.php\/2025\/02\/15\/decizie-controversata-bolojan-si-a-mutat-consiliera-de-la-oradea-la-cotroceni\/","title":{"rendered":"Decizie controversat\u0103: Bolojan \u0219i-a mutat consiliera de la Oradea la Cotroceni"},"content":{"rendered":"<p>Bolojan \u0219i-a adus la Cotroceni fosta consilier\u0103 de la CJ Bihor<\/p>\n<p>Se pare c\u0103 imediat ce a fost numit pre\u0219edinte interimar al Rom\u00e2niei,<a href=\"https:\/\/www.realitatea.net\/stiri\/actual\/intalnire-de-taina-ilie-bolojan-se-pune-bine-cu-oamenii-de-afaceri-presedintele-interimar-lea-promis-alegeri-libere_67b098cbcd7b5545bb0fe232\" target=\"_blank\"> Bolojan a plecat<\/a> de urgen\u021b\u0103 la Oradea pentru a organiza venirea la Cotroceni<a href=\"https:\/\/www.realitatea.net\/stiri\/actual\/cine-este-ion-oprisor-primul-consilier-al-lui-iohannis-care-paraseste-cotroceniul-dupa-instalarea-lui-bolojan_67af4aba571af40f52576cd7\" target=\"_blank\"> a apropia\u021bilor s\u0103i.<\/a><\/p>\n<p>\u00a0Bianca Firezar, \u00een v\u00e2rst\u0103 de 32 de ani, \u0219i-a \u00eenceput cariera lucr\u00e2nd ca reporter timp de trei ani.<\/p>\n\n<p>\u00a0 \u00a0 \u00a0 Consiliera lui Ilie Bolojan \/ Sursa foto &#8211; Facebook<\/p>","protected":false},"excerpt":{"rendered":"<p>Bolojan \u0219i-a adus la Cotroceni fosta consilier\u0103 de la CJ Bihor Se pare c\u0103 imediat&hellip;<\/p>\n","protected":false},"author":0,"featured_media":32002,"comment_status":"open","ping_status":"open","sticky":false,"template":"","format":"standard","meta":{"footnotes":""},"categories":[3],"tags":[],"class_list":["post-32001","post","type-post","status-publish","format-standard","has-post-thumbnail","hentry","category-politica"],"_links":{"self":[{"href":"https:\/\/247stiri.ro\/index.php\/wp-json\/wp\/v2\/posts\/32001","targetHints":{"allow":["GET"]}}],"collection":[{"href":"https:\/\/247stiri.ro\/index.php\/wp-json\/wp\/v2\/posts"}],"about":[{"href":"https:\/\/247stiri.ro\/index.php\/wp-json\/wp\/v2\/types\/post"}],"replies":[{"embeddable":true,"href":"https:\/\/247stiri.ro\/index.php\/wp-json\/wp\/v2\/comments?post=32001"}],"version-history":[{"count":0,"href":"https:\/\/247stiri.ro\/index.php\/wp-json\/wp\/v2\/posts\/32001\/revisions"}],"wp:featuredmedia":[{"embeddable":true,"href":"https:\/\/247stiri.ro\/index.php\/wp-json\/wp\/v2\/media\/32002"}],"wp:attachment":[{"href":"https:\/\/247stiri.ro\/index.php\/wp-json\/wp\/v2\/media?parent=32001"}],"wp:term":[{"taxonomy":"category","embeddable":true,"href":"https:\/\/247stiri.ro\/index.php\/wp-json\/wp\/v2\/categories?post=32001"},{"taxonomy":"post_tag","embeddable":true,"href":"https:\/\/247stiri.ro\/index.php\/wp-json\/wp\/v2\/tags?post=32001"}],"curies":[{"name":"wp","href":"https:\/\/api.w.org\/{rel}","templated":true}]}}