{"id":32005,"date":"2025-02-15T15:46:57","date_gmt":"2025-02-15T15:46:57","guid":{"rendered":"https:\/\/247stiri.ro\/index.php\/2025\/02\/15\/tsunami-pe-scena-politica-date-din-sondajele-interne-calin-georgescu-spulbera-competitia\/"},"modified":"2025-02-15T15:46:57","modified_gmt":"2025-02-15T15:46:57","slug":"tsunami-pe-scena-politica-date-din-sondajele-interne-calin-georgescu-spulbera-competitia","status":"publish","type":"post","link":"https:\/\/247stiri.ro\/index.php\/2025\/02\/15\/tsunami-pe-scena-politica-date-din-sondajele-interne-calin-georgescu-spulbera-competitia\/","title":{"rendered":"Tsunami pe scena politic\u0103! Date din sondajele interne: C\u0103lin Georgescu spulber\u0103 competi\u021bia"},"content":{"rendered":"<p>Nicu\u015for Dan a fost \u00eentrebat, s\u00e2mb\u0103t\u0103, \u00eentr-o emisiune TV, dac\u0103 se a\u015fteapt\u0103 s\u0103 r\u0103m\u00e2n\u0103 Crin Antonescu candidatul coali\u0163iei de guvernare la alegerile preziden\u0163iale.<\/p>\n<p>\u201dEu, de\u015fi sunt \u00een politic\u0103 de destul de mult\u0103 vreme, tind s\u0103 cred ceea ce oamenii spun c\u0103 vor face. Ce spun c\u0103 vor face, chiar vor face. Pentru moment, avem trei lideri de partid care spun c\u0103 pentru coali\u0163ia asta de guvernare Crin Antonescu este candidatul, eu cu datele astea lucrez\u201d, a afirmat Nicu\u015for Dan.<\/p>\n<p>El a fost \u00eentrebat cu cine crede c\u0103 se va lupta pentru intrarea \u00een turul doi al alegerilor preziden\u0163iale, cu Crin Antonescu sau cu Elena Lasconi.<\/p>\n<p>\u201d\u00cen acest moment, conform tuturor sondajelor care sunt pe pia\u0163\u0103 \u015fi \u00een ipoteza, evident, \u00een care C\u0103lin Georgescu candideaz\u0103, C\u0103lin Georgescu va intra \u00een turul doi, se va lupta fie cu Crin Antonescu, fie cu mine.\u00a0<\/p>\n<p>Sondajele pe care le-am v\u0103zut \u015fi sondajul pe care l-am f\u0103cut eu \u00een decembrie, dar decembrie e demult, dar cele care au ap\u0103rut pe pia\u0163\u0103, au fost f\u0103cute publice zilele astea, ne dau pe Crin Antonescu \u015fi pe mine \u00een jur de 20% \u015fi pe Elena Lasconi la 7-8%. Asta este o realitate sociologic\u0103\u201d, a explicat Nicu\u015for Dan.<\/p>","protected":false},"excerpt":{"rendered":"<p>Nicu\u015for Dan a fost \u00eentrebat, s\u00e2mb\u0103t\u0103, \u00eentr-o emisiune TV, dac\u0103 se a\u015fteapt\u0103 s\u0103 r\u0103m\u00e2n\u0103 Crin&hellip;<\/p>\n","protected":false},"author":0,"featured_media":32006,"comment_status":"open","ping_status":"open","sticky":false,"template":"","format":"standard","meta":{"footnotes":""},"categories":[3],"tags":[],"class_list":["post-32005","post","type-post","status-publish","format-standard","has-post-thumbnail","hentry","category-politica"],"_links":{"self":[{"href":"https:\/\/247stiri.ro\/index.php\/wp-json\/wp\/v2\/posts\/32005","targetHints":{"allow":["GET"]}}],"collection":[{"href":"https:\/\/247stiri.ro\/index.php\/wp-json\/wp\/v2\/posts"}],"about":[{"href":"https:\/\/247stiri.ro\/index.php\/wp-json\/wp\/v2\/types\/post"}],"replies":[{"embeddable":true,"href":"https:\/\/247stiri.ro\/index.php\/wp-json\/wp\/v2\/comments?post=32005"}],"version-history":[{"count":0,"href":"https:\/\/247stiri.ro\/index.php\/wp-json\/wp\/v2\/posts\/32005\/revisions"}],"wp:featuredmedia":[{"embeddable":true,"href":"https:\/\/247stiri.ro\/index.php\/wp-json\/wp\/v2\/media\/32006"}],"wp:attachment":[{"href":"https:\/\/247stiri.ro\/index.php\/wp-json\/wp\/v2\/media?parent=32005"}],"wp:term":[{"taxonomy":"category","embeddable":true,"href":"https:\/\/247stiri.ro\/index.php\/wp-json\/wp\/v2\/categories?post=32005"},{"taxonomy":"post_tag","embeddable":true,"href":"https:\/\/247stiri.ro\/index.php\/wp-json\/wp\/v2\/tags?post=32005"}],"curies":[{"name":"wp","href":"https:\/\/api.w.org\/{rel}","templated":true}]}}