{"id":32007,"date":"2025-02-15T15:46:58","date_gmt":"2025-02-15T15:46:58","guid":{"rendered":"https:\/\/247stiri.ro\/index.php\/2025\/02\/15\/claudiu-tarziu-decizia-ccr-ne-a-plasat-in-afara-statului-de-drept\/"},"modified":"2025-02-15T15:46:58","modified_gmt":"2025-02-15T15:46:58","slug":"claudiu-tarziu-decizia-ccr-ne-a-plasat-in-afara-statului-de-drept","status":"publish","type":"post","link":"https:\/\/247stiri.ro\/index.php\/2025\/02\/15\/claudiu-tarziu-decizia-ccr-ne-a-plasat-in-afara-statului-de-drept\/","title":{"rendered":"Claudiu T\u00e2rziu: \u201eDecizia CCR ne-a plasat \u00een afara Statului de Drept!\u201d"},"content":{"rendered":"<p>Claudiu T\u00e2rziu: \u201eNu au ce probe s\u0103 desecretizeze!\u201d<\/p>\n<p>\u201eEu m\u0103 \u00eendoiesc c\u0103 exist\u0103 ceva de desecretizat, vreo prob\u0103 care s\u0103 sus\u021bin\u0103 decizia CCR. Dac\u0103 exista se face de mult, de atunci de c\u00e2nd a fost luat\u0103 decizia care a surprins pe toat\u0103 lumea \u00een modul cel mai nepl\u0103cut, o decizie, s\u0103 le reamintim tuturor. Este o situa\u021bie f\u0103r\u0103 precedent, nu doar \u00een Rom\u00e2nia, ci \u0219i \u00een UE.<\/p>\n<p>Problema e c\u0103 vor merge p\u00e2n\u0103 la cap\u0103t cu aceast\u0103 \u00eenc\u0103p\u0103\u021b\u00e2nare, nu sunt sensibili nici la solicit\u0103rile poporului rom\u00e2n, nici la protestele din strad\u0103, nici la lu\u0103rile de pozi\u021bie ale noastre, ale celor din politic\u0103.<\/p>\n<p>\u00cen Rom\u00e2nia nu se putea petrece un asemenea act, o asemenea lovitur\u0103 de stat, f\u0103r\u0103 sus\u021binerea Comisiei Europene, f\u0103r\u0103 t\u0103cerea complice a liderilor altor state europene care au un cuv\u00e2nt de spus \u00een UE.\u201d, <a href=\"https:\/\/www.realitatea.net\/stiri\/politica\/tu-decizi-claudiu-tarziu-suntem-in-faliment-ca-stat-deci-nu-vor-mai-fi-bani-nici-pentru-cresterea-pensiilor_6718fdd615a07e35b4551f98\" target=\"_blank\">a transmis Claudiu T\u00e2rziu<\/a>, pre\u0219edintele Consiliului Na\u021bional de Conducere al AUR.<\/p>","protected":false},"excerpt":{"rendered":"<p>Claudiu T\u00e2rziu: \u201eNu au ce probe s\u0103 desecretizeze!\u201d \u201eEu m\u0103 \u00eendoiesc c\u0103 exist\u0103 ceva de&hellip;<\/p>\n","protected":false},"author":0,"featured_media":32008,"comment_status":"open","ping_status":"open","sticky":false,"template":"","format":"standard","meta":{"footnotes":""},"categories":[3],"tags":[],"class_list":["post-32007","post","type-post","status-publish","format-standard","has-post-thumbnail","hentry","category-politica"],"_links":{"self":[{"href":"https:\/\/247stiri.ro\/index.php\/wp-json\/wp\/v2\/posts\/32007","targetHints":{"allow":["GET"]}}],"collection":[{"href":"https:\/\/247stiri.ro\/index.php\/wp-json\/wp\/v2\/posts"}],"about":[{"href":"https:\/\/247stiri.ro\/index.php\/wp-json\/wp\/v2\/types\/post"}],"replies":[{"embeddable":true,"href":"https:\/\/247stiri.ro\/index.php\/wp-json\/wp\/v2\/comments?post=32007"}],"version-history":[{"count":0,"href":"https:\/\/247stiri.ro\/index.php\/wp-json\/wp\/v2\/posts\/32007\/revisions"}],"wp:featuredmedia":[{"embeddable":true,"href":"https:\/\/247stiri.ro\/index.php\/wp-json\/wp\/v2\/media\/32008"}],"wp:attachment":[{"href":"https:\/\/247stiri.ro\/index.php\/wp-json\/wp\/v2\/media?parent=32007"}],"wp:term":[{"taxonomy":"category","embeddable":true,"href":"https:\/\/247stiri.ro\/index.php\/wp-json\/wp\/v2\/categories?post=32007"},{"taxonomy":"post_tag","embeddable":true,"href":"https:\/\/247stiri.ro\/index.php\/wp-json\/wp\/v2\/tags?post=32007"}],"curies":[{"name":"wp","href":"https:\/\/api.w.org\/{rel}","templated":true}]}}