{"id":32009,"date":"2025-02-15T15:46:59","date_gmt":"2025-02-15T15:46:59","guid":{"rendered":"https:\/\/247stiri.ro\/index.php\/2025\/02\/15\/inmormantare-luxoasa-pentru-interlopii-impuscati-in-strada-izvor-arabu-si-said-au-fost-condusi-pe-ultimul-drum\/"},"modified":"2025-02-15T15:46:59","modified_gmt":"2025-02-15T15:46:59","slug":"inmormantare-luxoasa-pentru-interlopii-impuscati-in-strada-izvor-arabu-si-said-au-fost-condusi-pe-ultimul-drum","status":"publish","type":"post","link":"https:\/\/247stiri.ro\/index.php\/2025\/02\/15\/inmormantare-luxoasa-pentru-interlopii-impuscati-in-strada-izvor-arabu-si-said-au-fost-condusi-pe-ultimul-drum\/","title":{"rendered":"\u00cenmorm\u00e2ntare luxoas\u0103 pentru interlopii \u00eempu\u0219ca\u021bi \u00een strad\u0103. Izvor Arabu \u0219i Said au fost condu\u0219i pe ultimul drum"},"content":{"rendered":"<p>Priveghiul lui Izvor \u0219i Said, cei doi fra\u021bi omor\u00e2\u021bi \u00een Urziceni<\/p>\n<p><a href=\"https:\/\/www.realitatea.net\/stiri\/actual\/dosarul-urziceni-15-persoane-implicate-in-conflictul-in-urma-caruia-doua-persoane-au-murit-retinute_67ab431869d81c2a9764c272\" target=\"_blank\">Izvor Arabu \u0219i Said<\/a> \u0219i-au g\u0103sit sf\u00e2r\u0219itul \u00een urma unui conflict s\u00e2ngeros care a izbucnit \u00eentre clanul \u201eMinistru\u201d din Urziceni, din care f\u0103ceau parte, \u0219i clanul \u201eCatan\u0103\u201d din Prahova. Mai mult dec\u00e2t at\u00e2t, alte cinci persoane au avut nevoie de \u00eengrijiri medicale.<\/p>\n<p>Dup\u0103 reglarea de conturi, familia a organizat un priveghi grandios, cu sicrie opulente \u0219i un cortegiu impresionant, pentru a atrage aten\u021bia \u00eentregii comunit\u0103\u021bi.<\/p>\n<p><a title=\"@romania_rom1\" href=\"https:\/\/www.tiktok.com\/@romania_rom1?refer=embed\" target=\"_blank\">@romania_rom1<\/a> La priveghiul lui Said \u0219i izvor fii lui ministru cei doi fi mor\u021bi unu de 21 Said \u0219i izvor de 29 de ani Dumnezeu sa ierte <a title=\"observator\" href=\"https:\/\/www.tiktok.com\/tag\/observator?refer=embed\" target=\"_blank\">#observator<\/a> <a title=\"antena1\" href=\"https:\/\/www.tiktok.com\/tag\/antena1?refer=embed\" target=\"_blank\">#antena1<\/a> <a title=\"stiri\" href=\"https:\/\/www.tiktok.com\/tag\/stiri?refer=embed\" target=\"_blank\">#stiri<\/a> <a title=\"news\" href=\"https:\/\/www.tiktok.com\/tag\/news?refer=embed\" target=\"_blank\">#news<\/a> <a title=\"romania\" href=\"https:\/\/www.tiktok.com\/tag\/romania?refer=embed\" target=\"_blank\">#romania<\/a> <a title=\"fyp\" href=\"https:\/\/www.tiktok.com\/tag\/fyp?refer=embed\" target=\"_blank\">#fyp<\/a> <a title=\"5pasidebine\" href=\"https:\/\/www.tiktok.com\/tag\/5pasidebine?refer=embed\" target=\"_blank\">#5pasidebine<\/a> <a title=\"misiuneatiktok\" href=\"https:\/\/www.tiktok.com\/tag\/misiuneatiktok?refer=embed\" target=\"_blank\">#misiuneatiktok<\/a> <a title=\"observatorsecundar\" href=\"https:\/\/www.tiktok.com\/tag\/observatorsecundar?refer=embed\" target=\"_blank\">#observatorsecundar<\/a> <a title=\"fouryou\" href=\"https:\/\/www.tiktok.com\/tag\/fouryou?refer=embed\" target=\"_blank\">#fouryou<\/a> <a title=\"urziceni\" href=\"https:\/\/www.tiktok.com\/tag\/urziceni?refer=embed\" target=\"_blank\">#urziceni<\/a> <a title=\"priveghi\" href=\"https:\/\/www.tiktok.com\/tag\/priveghi?refer=embed\" target=\"_blank\">#priveghi<\/a> <a title=\"la\" href=\"https:\/\/www.tiktok.com\/tag\/la?refer=embed\" target=\"_blank\">#la<\/a> <a title=\"said\" href=\"https:\/\/www.tiktok.com\/tag\/said?refer=embed\" target=\"_blank\">#said<\/a> <a title=\"izvor\" href=\"https:\/\/www.tiktok.com\/tag\/izvor?refer=embed\" target=\"_blank\">#izvor<\/a> <a title=\"fii\" href=\"https:\/\/www.tiktok.com\/tag\/fii?refer=embed\" target=\"_blank\">#fii<\/a> <a title=\"lui\" href=\"https:\/\/www.tiktok.com\/tag\/lui?refer=embed\" target=\"_blank\">#lui<\/a> <a title=\"ministru\" href=\"https:\/\/www.tiktok.com\/tag\/ministru?refer=embed\" target=\"_blank\">#ministru<\/a> <a title=\"off\" href=\"https:\/\/www.tiktok.com\/tag\/off?refer=embed\" target=\"_blank\">#off<\/a> <a title=\"\u266c sunet original - Observator.secundar\" href=\"https:\/\/www.tiktok.com\/music\/sunet-original-7471390105612602134?refer=embed\" target=\"_blank\">\u266c sunet original &#8211; Observator.secundar<\/a><\/p>\n<p>\u00a0\u00cen ciuda trecutului lor pres\u0103rat cu scandaluri \u0219i intercal\u0103ri s\u00e2ngeroase, cei doi interlopi au fost pl\u00e2n\u0219i ca ni\u0219te victime nevinovate.<\/p>\n<p>\u00a0Mul\u021bi dintre localnici sunt revolta\u021bi de aceast\u0103 demonstra\u021bie de fast \u0219i consider\u0103 c\u0103 astfel de ceremonii nu fac dec\u00e2t s\u0103 glorifice <a href=\"https:\/\/www.realitatea.net\/stiri\/actual\/macelul-din-urziceni-atacatorii-au-fost-prinsi-de-politie-14-persoane-vor-fi-aduse-la-audieri_67aa0f898cd6a0160a46f325\" target=\"_blank\">indivizi periculo\u0219i.<\/a><\/p>\n<p><a title=\"@viralvideoweb5\" href=\"https:\/\/www.tiktok.com\/@viralvideoweb5?refer=embed\" target=\"_blank\">@viralvideoweb5<\/a> URZICENI SAID SI IZVOR ULTIMELE 10 MINUTE INMORMANTARE SAID SI IZVOR <a title=\"fyppppppppppppppppppppppp\" href=\"https:\/\/www.tiktok.com\/tag\/fyppppppppppppppppppppppp?refer=embed\" target=\"_blank\">#fyppppppppppppppppppppppp<\/a> <a title=\"fypp\" href=\"https:\/\/www.tiktok.com\/tag\/fypp?refer=embed\" target=\"_blank\">#fypp<\/a> <a title=\"viral_video\" href=\"https:\/\/www.tiktok.com\/tag\/viral_video?refer=embed\" target=\"_blank\">#viral_video<\/a> <a title=\"viraltiktokvideo\" href=\"https:\/\/www.tiktok.com\/tag\/viraltiktokvideo?refer=embed\" target=\"_blank\">#viraltiktokvideo<\/a> <a title=\"fyp\" href=\"https:\/\/www.tiktok.com\/tag\/fyp?refer=embed\" target=\"_blank\">#fyp<\/a> <a title=\"\u266c sunet original - Viralvideoweb5\" href=\"https:\/\/www.tiktok.com\/music\/sunet-original-7470260804207037206?refer=embed\" target=\"_blank\">\u266c sunet original &#8211; Viralvideoweb5<\/a><\/p>","protected":false},"excerpt":{"rendered":"<p>Priveghiul lui Izvor \u0219i Said, cei doi fra\u021bi omor\u00e2\u021bi \u00een Urziceni Izvor Arabu \u0219i Said&hellip;<\/p>\n","protected":false},"author":0,"featured_media":32010,"comment_status":"open","ping_status":"open","sticky":false,"template":"","format":"standard","meta":{"footnotes":""},"categories":[2],"tags":[],"class_list":["post-32009","post","type-post","status-publish","format-standard","has-post-thumbnail","hentry","category-actual"],"_links":{"self":[{"href":"https:\/\/247stiri.ro\/index.php\/wp-json\/wp\/v2\/posts\/32009","targetHints":{"allow":["GET"]}}],"collection":[{"href":"https:\/\/247stiri.ro\/index.php\/wp-json\/wp\/v2\/posts"}],"about":[{"href":"https:\/\/247stiri.ro\/index.php\/wp-json\/wp\/v2\/types\/post"}],"replies":[{"embeddable":true,"href":"https:\/\/247stiri.ro\/index.php\/wp-json\/wp\/v2\/comments?post=32009"}],"version-history":[{"count":0,"href":"https:\/\/247stiri.ro\/index.php\/wp-json\/wp\/v2\/posts\/32009\/revisions"}],"wp:featuredmedia":[{"embeddable":true,"href":"https:\/\/247stiri.ro\/index.php\/wp-json\/wp\/v2\/media\/32010"}],"wp:attachment":[{"href":"https:\/\/247stiri.ro\/index.php\/wp-json\/wp\/v2\/media?parent=32009"}],"wp:term":[{"taxonomy":"category","embeddable":true,"href":"https:\/\/247stiri.ro\/index.php\/wp-json\/wp\/v2\/categories?post=32009"},{"taxonomy":"post_tag","embeddable":true,"href":"https:\/\/247stiri.ro\/index.php\/wp-json\/wp\/v2\/tags?post=32009"}],"curies":[{"name":"wp","href":"https:\/\/api.w.org\/{rel}","templated":true}]}}