{"id":32070,"date":"2025-02-16T08:44:53","date_gmt":"2025-02-16T08:44:53","guid":{"rendered":"https:\/\/247stiri.ro\/index.php\/2025\/02\/16\/calendar-ortodox-16-februarie-2025-sfantul-mucenic-pamfil-luminatorul-credintei-rugaciunea-care-trebuie-rostita-azi-pentru-a-va-merge-bine\/"},"modified":"2025-02-16T08:44:53","modified_gmt":"2025-02-16T08:44:53","slug":"calendar-ortodox-16-februarie-2025-sfantul-mucenic-pamfil-luminatorul-credintei-rugaciunea-care-trebuie-rostita-azi-pentru-a-va-merge-bine","status":"publish","type":"post","link":"https:\/\/247stiri.ro\/index.php\/2025\/02\/16\/calendar-ortodox-16-februarie-2025-sfantul-mucenic-pamfil-luminatorul-credintei-rugaciunea-care-trebuie-rostita-azi-pentru-a-va-merge-bine\/","title":{"rendered":"Calendar ortodox 16 februarie 2025: Sf\u00e2ntul Mucenic Pamfil, lumin\u0103torul credin\u021bei. Rug\u0103ciunea care trebuie rostit\u0103 azi pentru a v\u0103 merge bine"},"content":{"rendered":"<p>Cine a fost Sf\u00e2ntul Mucenic Pamfil?<\/p>\n<p>Sf\u00e2ntul Mucenic Pamfil a tr\u0103it \u00een secolul al III-lea \u0219i s-a remarcat prin activitatea sa teologic\u0103 \u0219i pedagogic\u0103. El a contribuit semnificativ la interpretarea textelor sfinte \u0219i a sprijinit cre\u0219tinii \u00een aprofundarea credin\u021bei lor. \u00cen timpul persecu\u021biilor ordonate de \u00eemp\u0103ratul roman Diocle\u021bian, a fost arestat, <a href=\"https:\/\/www.realitatea.net\/stiri\/actual\/sarbatoarea-zilei-simbata-15-februarie-2025-un-mare-sfant-crestin-praznuit-astazi_67b02a94d3999414b04cec27\" target=\"_blank\">supus unor chinuri cumplite<\/a> \u0219i, \u00een final, martirizat \u00een anul 309 d.Hr., prin decapitare.<\/p>\n<p>Pamfil este recunoscut drept <a href=\"https:\/\/www.realitatea.net\/stiri\/lifestyle\/cand-este-trecut-sfantul-valentin-in-calendarul-crestin-ortodox-nu-are-nicio-legatura-cu-ziua-indragostitilor-ei-sunt-sfintii-care-sunt-sarbatoriti-de-fapt-pe-14-februarie_67af14e35f49677266062a53\" target=\"_blank\">un sf\u00e2nt \u00een\u021belept,<\/a> care \u0219i-a dedicat via\u021ba studiului \u0219i promov\u0103rii cre\u0219tinismului. Operele sale au influen\u021bat profund g\u00e2ndirea teologic\u0103 \u0219i au oferit cre\u0219tinilor repere clare pentru interpretarea Scripturii. De-a lungul secolelor, Sf\u00e2ntul Mucenic Pamfil a fost venerat at\u00e2t \u00een Biserica Ortodox\u0103, c\u00e2t \u0219i \u00een cea Catolic\u0103, ca un model de devotament \u0219i \u00een\u021belepciune.<\/p>\n<p>Rug\u0103ciunea c\u0103tre Sf\u00e2ntul Mucenic Pamfil<\/p>\n<p>Credincio\u0219ii care doresc s\u0103 \u00eel cinsteasc\u0103 pe Sf\u00e2ntul Pamfil \u00een aceast\u0103 zi special\u0103 se pot ruga astfel:<\/p>\n<p>\u201eTu Doamne, Lumina mea, \u00een lume ai venit, Lumina Cea Sf\u00e2nt\u0103, Care \u00eentorci dintru \u00eentunericul necuno\u0219tin\u021bei pe cei ce Te laud\u0103 pe Tine cu credin\u0163\u0103.<\/p>\n<p>Stih: Sfinte Mucenice Pamfil, roag\u0103-te lui Dumnezeu pentru noi. Ne\u00eendur\u00e2nd a lua \u00een seam\u0103 cele de pe p\u0103m\u00e2nt, Fericite Mucenice Pamfil, ai luminat dumnezeiasca vie\u0163uire cu nevoin\u0163a pe care din pruncie ai urmat-o.<\/p>\n<p>Stih: Sfinte Mucenice Valent, roag\u0103-te lui Dumnezeu pentru noi.<\/p>\n<p>Valent cel \u00eempodobit cu dumnezeie\u015fti c\u0103runte\u0163i \u015fi cu \u00een\u0163elepciune, tr\u0103g\u00e2ndu-se din cetatea cea sf\u00e2nt\u0103, ca un mucenic s-a \u00eencununat.<\/p>\n<p>Slav\u0103 Tat\u0103lui \u015fi Fiului \u015fi Sf\u00e2ntului Duh.<\/p>\n<p>Av\u00e2nd cugetul lui Hristos, ca unul ce ai urmat Lui, Preal\u0103udate Pavel, lupt\u00e2nd dup\u0103 r\u00e2nduial\u0103, ai fost \u00eempodobit cu cununa mucenicilor.<\/p>\n<p>\u015ei acum \u015fi pururea \u015fi \u00een vecii vecilor. Amin (a N\u0103sc\u0103toarei).<\/p>\n<p>\u00cendreptat-ai, Preacurat\u0103, alunecarea Evei, n\u0103sc\u00e2nd pe Dumnezeu Cuv\u00e2ntul, Care a \u00eendreptat nenorocirea ab\u0103tut\u0103 asupra celor surpa\u0163i la p\u0103m\u00e2nt.\u201d<\/p>","protected":false},"excerpt":{"rendered":"<p>Cine a fost Sf\u00e2ntul Mucenic Pamfil? Sf\u00e2ntul Mucenic Pamfil a tr\u0103it \u00een secolul al III-lea&hellip;<\/p>\n","protected":false},"author":0,"featured_media":32071,"comment_status":"open","ping_status":"open","sticky":false,"template":"","format":"standard","meta":{"footnotes":""},"categories":[8],"tags":[],"class_list":["post-32070","post","type-post","status-publish","format-standard","has-post-thumbnail","hentry","category-lifestyle"],"_links":{"self":[{"href":"https:\/\/247stiri.ro\/index.php\/wp-json\/wp\/v2\/posts\/32070","targetHints":{"allow":["GET"]}}],"collection":[{"href":"https:\/\/247stiri.ro\/index.php\/wp-json\/wp\/v2\/posts"}],"about":[{"href":"https:\/\/247stiri.ro\/index.php\/wp-json\/wp\/v2\/types\/post"}],"replies":[{"embeddable":true,"href":"https:\/\/247stiri.ro\/index.php\/wp-json\/wp\/v2\/comments?post=32070"}],"version-history":[{"count":0,"href":"https:\/\/247stiri.ro\/index.php\/wp-json\/wp\/v2\/posts\/32070\/revisions"}],"wp:featuredmedia":[{"embeddable":true,"href":"https:\/\/247stiri.ro\/index.php\/wp-json\/wp\/v2\/media\/32071"}],"wp:attachment":[{"href":"https:\/\/247stiri.ro\/index.php\/wp-json\/wp\/v2\/media?parent=32070"}],"wp:term":[{"taxonomy":"category","embeddable":true,"href":"https:\/\/247stiri.ro\/index.php\/wp-json\/wp\/v2\/categories?post=32070"},{"taxonomy":"post_tag","embeddable":true,"href":"https:\/\/247stiri.ro\/index.php\/wp-json\/wp\/v2\/tags?post=32070"}],"curies":[{"name":"wp","href":"https:\/\/api.w.org\/{rel}","templated":true}]}}