{"id":32082,"date":"2025-02-16T09:45:42","date_gmt":"2025-02-16T09:45:42","guid":{"rendered":"https:\/\/247stiri.ro\/index.php\/2025\/02\/16\/un-tanar-a-intrat-in-contact-cu-civilizatia-pentru-prima-data-baiatul-face-parte-dintr-un-trib-de-indigeni-din-amazon\/"},"modified":"2025-02-16T09:45:42","modified_gmt":"2025-02-16T09:45:42","slug":"un-tanar-a-intrat-in-contact-cu-civilizatia-pentru-prima-data-baiatul-face-parte-dintr-un-trib-de-indigeni-din-amazon","status":"publish","type":"post","link":"https:\/\/247stiri.ro\/index.php\/2025\/02\/16\/un-tanar-a-intrat-in-contact-cu-civilizatia-pentru-prima-data-baiatul-face-parte-dintr-un-trib-de-indigeni-din-amazon\/","title":{"rendered":"Un t\u00e2n\u0103r a intrat \u00een contact cu civiliza\u021bia pentru prima dat\u0103. B\u0103iatul face parte dintr-un trib de indigeni din Amazon"},"content":{"rendered":"<p>Cum arat\u0103 t\u00e2n\u0103rul<\/p>\n<p>\u00cen m\u00e2ini \u021binea dou\u0103 buc\u0103\u021bi de lemn, iar din cauza barierei lingvistice, oamenii au avut dificult\u0103\u021bi \u00een a \u00een\u021belege inten\u021biile sale. Se presupune c\u0103 t\u00e2n\u0103rul solicita ajutor pentru a aprinde focul.<\/p>\n<p><a href=\"https:\/\/www.realitatea.net\/stiri\/artesipopcult\/misterul-femeilor-girafa-din-thailanda-ritualul-fascinant-care-ascunde-un-adevar-dureros_675a9e69fb51d61f6f7d0932\" target=\"_blank\">\u00cen \u00eencercarea de a-l ajuta<\/a>, localnicii i-au ar\u0103tat cum s\u0103 foloseasc\u0103 o brichet\u0103, \u00eens\u0103 comunicarea s-a desf\u0103\u0219urat exclusiv prin gesturi. Autorit\u0103\u021bile braziliene, alertate de aceast\u0103 \u00eent\u00e2lnire rar\u0103, au intervenit \u0219i l-au supus pe t\u00e2n\u0103r unui control medical pentru a verifica starea sa de s\u0103n\u0103tate.<\/p>\n<p>Dup\u0103 mai pu\u021bin de 24 de ore, t\u00e2n\u0103rul a ales s\u0103 revin\u0103 \u00een p\u0103dure, al\u0103tur\u00e2ndu-se din nou comunit\u0103\u021bii sale indigene. Acest episod eviden\u021biaz\u0103 fragilitatea contactului dintre triburile izolate \u0219i lumea modern\u0103, subliniind importan\u021ba respect\u0103rii autonomiei <a href=\"https:\/\/www.realitatea.net\/stiri\/actual\/triburi-amazon-imagini_5dcc926e406af85273d72bd7\" target=\"_blank\">acestor comunit\u0103\u021bi.<\/a><\/p>","protected":false},"excerpt":{"rendered":"<p>Cum arat\u0103 t\u00e2n\u0103rul \u00cen m\u00e2ini \u021binea dou\u0103 buc\u0103\u021bi de lemn, iar din cauza barierei lingvistice,&hellip;<\/p>\n","protected":false},"author":0,"featured_media":32083,"comment_status":"open","ping_status":"open","sticky":false,"template":"","format":"standard","meta":{"footnotes":""},"categories":[4],"tags":[],"class_list":["post-32082","post","type-post","status-publish","format-standard","has-post-thumbnail","hentry","category-extern"],"_links":{"self":[{"href":"https:\/\/247stiri.ro\/index.php\/wp-json\/wp\/v2\/posts\/32082","targetHints":{"allow":["GET"]}}],"collection":[{"href":"https:\/\/247stiri.ro\/index.php\/wp-json\/wp\/v2\/posts"}],"about":[{"href":"https:\/\/247stiri.ro\/index.php\/wp-json\/wp\/v2\/types\/post"}],"replies":[{"embeddable":true,"href":"https:\/\/247stiri.ro\/index.php\/wp-json\/wp\/v2\/comments?post=32082"}],"version-history":[{"count":0,"href":"https:\/\/247stiri.ro\/index.php\/wp-json\/wp\/v2\/posts\/32082\/revisions"}],"wp:featuredmedia":[{"embeddable":true,"href":"https:\/\/247stiri.ro\/index.php\/wp-json\/wp\/v2\/media\/32083"}],"wp:attachment":[{"href":"https:\/\/247stiri.ro\/index.php\/wp-json\/wp\/v2\/media?parent=32082"}],"wp:term":[{"taxonomy":"category","embeddable":true,"href":"https:\/\/247stiri.ro\/index.php\/wp-json\/wp\/v2\/categories?post=32082"},{"taxonomy":"post_tag","embeddable":true,"href":"https:\/\/247stiri.ro\/index.php\/wp-json\/wp\/v2\/tags?post=32082"}],"curies":[{"name":"wp","href":"https:\/\/api.w.org\/{rel}","templated":true}]}}