{"id":32086,"date":"2025-02-16T10:46:38","date_gmt":"2025-02-16T10:46:38","guid":{"rendered":"https:\/\/247stiri.ro\/index.php\/2025\/02\/16\/adrian-a-fost-inghitit-de-o-balena-chiar-sub-privirile-tatalui-sau-povestea-expusa-in-pinocchio-a-devenit-realitate-video\/"},"modified":"2025-02-16T10:46:38","modified_gmt":"2025-02-16T10:46:38","slug":"adrian-a-fost-inghitit-de-o-balena-chiar-sub-privirile-tatalui-sau-povestea-expusa-in-pinocchio-a-devenit-realitate-video","status":"publish","type":"post","link":"https:\/\/247stiri.ro\/index.php\/2025\/02\/16\/adrian-a-fost-inghitit-de-o-balena-chiar-sub-privirile-tatalui-sau-povestea-expusa-in-pinocchio-a-devenit-realitate-video\/","title":{"rendered":"Adrian a fost \u00eenghi\u021bit de o balen\u0103, chiar sub privirile tat\u0103lui s\u0103u. Povestea expus\u0103 \u00een Pinocchio a devenit realitate &#8211; VIDEO"},"content":{"rendered":"<p>Ce a povestit t\u00e2n\u0103rul dup\u0103 ce a ie\u0219it din interiorul balenei<\/p>\n<p>\u201ePrima mea reac\u021bie a fost confuzia, nu mi-am dat seama ce se \u00eent\u00e2mpl\u0103. Apoi, c\u00e2nd am \u00een\u021beles c\u0103 sunt \u00een interiorul balenei, g\u00e2ndul meu a zburat imediat la Pinocchio\u201d, a declarat Adri\u00e1n pentru BBC Mundo. \u00cens\u0103 experien\u021ba a durat doar c\u00e2teva secunde, deoarece balena l-a expulzat rapid la suprafa\u021ba apei.<\/p>\n<p><a href=\"https:\/\/www.realitatea.net\/stiri\/actual\/balena-care-a-emotionat-o-lume-intreaga-in-2018-pentru-ca-na-vrut-sa-se-desparta-de-puiul-mort-trece-din-nou-prin-aceeasi-durere-cum-a-fost-surprinsa_6777a909f9f76d400e424602\" target=\"_blank\">Incidentul s-a petrecut<\/a> \u00een Str\u00e2mtoarea Magellan, \u00een apropierea coastei Patagoniei din Chile. Adri\u00e1n \u0219i tat\u0103l s\u0103u, Dall Simancas, v\u00e2sleau lini\u0219ti\u021bi, c\u00e2nd o mi\u0219care brusc\u0103 i-a luat prin surprindere. Dall, care avea o camer\u0103 montat\u0103 pe caiacul s\u0103u, a surprins momentul dramatic. \u201eC\u00e2nd m-am \u00eentors, Adri\u00e1n disp\u0103ruse. A fost un \u0219oc imens p\u00e2n\u0103 c\u00e2nd l-am v\u0103zut ie\u0219ind la suprafa\u021b\u0103\u201d, a povestit el.<\/p>\n<p>Adri\u00e1n a descris senza\u021bia de a se afla \u00een gura balenei ca pe ceva ireal. \u201eTot ce vedeam era o nuan\u021b\u0103 \u00eentunecat\u0103 de albastru \u0219i alb. Nu \u0219tiam ce s\u0103 fac sau dac\u0103 voi putea ie\u0219i de acolo\u201d, a m\u0103rturisit el. Cu toate acestea, nu a fost nevoie s\u0103 intervin\u0103, deoarece balena l-a scuipat imediat, incapabil\u0103 s\u0103 \u00eel \u00eenghit\u0103.<\/p>\n<p>Ce spun oamenii de \u0219tiin\u021b\u0103 despre acest incident<\/p>\n<p>Speciali\u0219tii explic\u0103 faptul c\u0103 <a href=\"https:\/\/www.realitatea.net\/stiri\/actual\/video-momentul-in-care-o-balena-scufunda-o-ambarcatiune-in-care-se-aflau-doi-oameni_66a0d82c087a2b10687a0a5a\" target=\"_blank\">balenele cu cocoa\u0219\u0103<\/a> nu pot \u00eenghi\u021bi obiecte mari, av\u00e2nd un g\u00e2t foarte \u00eengust, adaptat doar pentru pe\u0219ti mici \u0219i creve\u021bi. Conform expertului brazilian Roched Jacobson Seba, cel mai probabil, balena s-a hr\u0103nit cu un banc de pe\u0219ti \u0219i l-a \u00eenghi\u021bit accidental pe Adri\u00e1n \u00eempreun\u0103 cu prada sa.<\/p>\n<p>Experien\u021ba a fost un moment de reflec\u021bie pentru t\u00e2n\u0103rul aventurier. \u201eA fost ca o a doua \u0219ans\u0103. M-a f\u0103cut s\u0103 m\u0103 g\u00e2ndesc la via\u021b\u0103 \u0219i la ceea ce pot face mai departe\u201d, a spus el. \u00cen acela\u0219i timp, speciali\u0219tii atrag aten\u021bia c\u0103 incidente de acest fel pot fi evitate prin men\u021binerea unei distan\u021be sigure fa\u021b\u0103 de zonele de hr\u0103nire ale balenelor \u0219i utilizarea ambarca\u021biunilor cu motoare care s\u0103 le alerteze prezen\u021ba uman\u0103.<\/p>\n<p>A male kayaker was swallowed by a humpback whale off Chilean Patagonia before being released seconds later, unharmed.Adri\u00e1n Simancas was kayaking with his father, who filmed this video as the massive mammal suddenly surfaced. <a href=\"https:\/\/t.co\/0nuE6OP88s\">pic.twitter.com\/0nuE6OP88s<\/a><\/p>\n<p>\u2014 Channel 4 News (@Channel4News) <a href=\"https:\/\/twitter.com\/Channel4News\/status\/1890079293591445725?ref_src=twsrc%5Etfw\">February 13, 2025<\/a><\/p>","protected":false},"excerpt":{"rendered":"<p>Ce a povestit t\u00e2n\u0103rul dup\u0103 ce a ie\u0219it din interiorul balenei \u201ePrima mea reac\u021bie a&hellip;<\/p>\n","protected":false},"author":0,"featured_media":32087,"comment_status":"open","ping_status":"open","sticky":false,"template":"","format":"standard","meta":{"footnotes":""},"categories":[4],"tags":[],"class_list":["post-32086","post","type-post","status-publish","format-standard","has-post-thumbnail","hentry","category-extern"],"_links":{"self":[{"href":"https:\/\/247stiri.ro\/index.php\/wp-json\/wp\/v2\/posts\/32086","targetHints":{"allow":["GET"]}}],"collection":[{"href":"https:\/\/247stiri.ro\/index.php\/wp-json\/wp\/v2\/posts"}],"about":[{"href":"https:\/\/247stiri.ro\/index.php\/wp-json\/wp\/v2\/types\/post"}],"replies":[{"embeddable":true,"href":"https:\/\/247stiri.ro\/index.php\/wp-json\/wp\/v2\/comments?post=32086"}],"version-history":[{"count":0,"href":"https:\/\/247stiri.ro\/index.php\/wp-json\/wp\/v2\/posts\/32086\/revisions"}],"wp:featuredmedia":[{"embeddable":true,"href":"https:\/\/247stiri.ro\/index.php\/wp-json\/wp\/v2\/media\/32087"}],"wp:attachment":[{"href":"https:\/\/247stiri.ro\/index.php\/wp-json\/wp\/v2\/media?parent=32086"}],"wp:term":[{"taxonomy":"category","embeddable":true,"href":"https:\/\/247stiri.ro\/index.php\/wp-json\/wp\/v2\/categories?post=32086"},{"taxonomy":"post_tag","embeddable":true,"href":"https:\/\/247stiri.ro\/index.php\/wp-json\/wp\/v2\/tags?post=32086"}],"curies":[{"name":"wp","href":"https:\/\/api.w.org\/{rel}","templated":true}]}}