{"id":32100,"date":"2025-02-16T12:44:51","date_gmt":"2025-02-16T12:44:51","guid":{"rendered":"https:\/\/247stiri.ro\/index.php\/2025\/02\/16\/primele-imagini-cu-iohannis-dupa-demisie-mana-in-mana-cu-carmen-la-biserica-din-sibiu\/"},"modified":"2025-02-16T12:44:51","modified_gmt":"2025-02-16T12:44:51","slug":"primele-imagini-cu-iohannis-dupa-demisie-mana-in-mana-cu-carmen-la-biserica-din-sibiu","status":"publish","type":"post","link":"https:\/\/247stiri.ro\/index.php\/2025\/02\/16\/primele-imagini-cu-iohannis-dupa-demisie-mana-in-mana-cu-carmen-la-biserica-din-sibiu\/","title":{"rendered":"Primele imagini cu Iohannis dup\u0103 demisie: m\u00e2n\u0103 \u00een m\u00e2n\u0103 cu Carmen, la biserica din Sibiu"},"content":{"rendered":"<p>Primele imagini cu Iohannis dup\u0103 demisia nea\u0219teptat\u0103<\/p>\n<p>Cei doi au participat la slujba de duminic\u0103 la o biseric\u0103 catolic\u0103 din Sibiu. Fostul pre\u0219edinte era \u00eenso\u021bit inclusiv de un ofi\u021ber SPP.\u00a0<\/p>\n<p>Mai mult dec\u00e2t at\u00e2t, <a href=\"https:\/\/www.realitatea.net\/stiri\/actual\/crin-antonescu-klaus-iohannis-trebuia-sa-le-explice-americanilor-ce-sa-intamplat-la-alegeri_67afb01b29c9dc3b9c360c92\" target=\"_blank\">Klaus Iohannis<\/a> a salutat jurnali\u0219tii \u0219i le-a urat o &#8222;duminic\u0103 pl\u0103cut\u0103&#8221;, <a href=\"https:\/\/www.realitatea.net\/stiri\/actual\/ce-pensie-va-primi-klaus-iohannis-dupa-ce-a-plecat-de-la-cotroceni_67af81a38b72e84e7c4bf622\" target=\"_blank\">chiar \u00eenainte s\u0103 intre \u00een biseric\u0103.\u00a0<\/a><\/p>","protected":false},"excerpt":{"rendered":"<p>Primele imagini cu Iohannis dup\u0103 demisia nea\u0219teptat\u0103 Cei doi au participat la slujba de duminic\u0103&hellip;<\/p>\n","protected":false},"author":0,"featured_media":32101,"comment_status":"open","ping_status":"open","sticky":false,"template":"","format":"standard","meta":{"footnotes":""},"categories":[3],"tags":[],"class_list":["post-32100","post","type-post","status-publish","format-standard","has-post-thumbnail","hentry","category-politica"],"_links":{"self":[{"href":"https:\/\/247stiri.ro\/index.php\/wp-json\/wp\/v2\/posts\/32100","targetHints":{"allow":["GET"]}}],"collection":[{"href":"https:\/\/247stiri.ro\/index.php\/wp-json\/wp\/v2\/posts"}],"about":[{"href":"https:\/\/247stiri.ro\/index.php\/wp-json\/wp\/v2\/types\/post"}],"replies":[{"embeddable":true,"href":"https:\/\/247stiri.ro\/index.php\/wp-json\/wp\/v2\/comments?post=32100"}],"version-history":[{"count":0,"href":"https:\/\/247stiri.ro\/index.php\/wp-json\/wp\/v2\/posts\/32100\/revisions"}],"wp:featuredmedia":[{"embeddable":true,"href":"https:\/\/247stiri.ro\/index.php\/wp-json\/wp\/v2\/media\/32101"}],"wp:attachment":[{"href":"https:\/\/247stiri.ro\/index.php\/wp-json\/wp\/v2\/media?parent=32100"}],"wp:term":[{"taxonomy":"category","embeddable":true,"href":"https:\/\/247stiri.ro\/index.php\/wp-json\/wp\/v2\/categories?post=32100"},{"taxonomy":"post_tag","embeddable":true,"href":"https:\/\/247stiri.ro\/index.php\/wp-json\/wp\/v2\/tags?post=32100"}],"curies":[{"name":"wp","href":"https:\/\/api.w.org\/{rel}","templated":true}]}}