{"id":32140,"date":"2025-02-16T15:47:19","date_gmt":"2025-02-16T15:47:19","guid":{"rendered":"https:\/\/247stiri.ro\/index.php\/2025\/02\/16\/bolojan-si-hurezeanu-au-obligatia-sa-obtina-un-loc-la-masa-discutiilor-de-la-paris-convocate-de-macron-cine-trage-semnalul-de-alarma\/"},"modified":"2025-02-16T15:47:19","modified_gmt":"2025-02-16T15:47:19","slug":"bolojan-si-hurezeanu-au-obligatia-sa-obtina-un-loc-la-masa-discutiilor-de-la-paris-convocate-de-macron-cine-trage-semnalul-de-alarma","status":"publish","type":"post","link":"https:\/\/247stiri.ro\/index.php\/2025\/02\/16\/bolojan-si-hurezeanu-au-obligatia-sa-obtina-un-loc-la-masa-discutiilor-de-la-paris-convocate-de-macron-cine-trage-semnalul-de-alarma\/","title":{"rendered":"\u201eBolojan \u0219i Hurezeanu au obliga\u021bia s\u0103 ob\u021bin\u0103 un loc la masa discu\u021biilor de la Paris convocate de Macron\u201d. Cine trage semnalul de alarm\u0103"},"content":{"rendered":"<p>&#8216;Pre\u0219edintele interimar, Ilie Bolojan, \u0219i ministrul de Externe, Emil Hurezeanu, au obliga\u021bia s\u0103 ob\u021bin\u0103 un loc la masa discu\u021biilor de la Paris convocate de urgen\u021b\u0103 de Emmanuel Macron. Faptul c\u0103 Rom\u00e2nia nu e din nou pe lista scurt\u0103 a invita\u021bilor e un semnal foarte prost pentru noi \u0219i e rezultatul unei politici externe ineficiente. Este important \u0219i \u00eencurajator faptul c\u0103 Europa se mobilizeaz\u0103 cu scopul de a sus\u021bine Ucraina, \u00eentr-o manier\u0103 care s\u0103 duc\u0103 la o pace dreapt\u0103&#8217;, a scris Nicu\u0219or Dan, pe Facebook.Mesajul lui Nicu\u0219or Dan vine dup\u0103 ce ministrul polonez de Externe, Radoslaw Sikorski, a anun\u021bat s\u00e2mb\u0103t\u0103 c\u0103 pre\u0219edintele francez Emmanuel Macron i-a convocat pe liderii europeni la o reuniune la Paris, \u00eentr-un moment \u00een care ini\u021biativele diplomatice ale lui Donald Trump asupra Ucrainei \u00eei \u00eengrijoreaz\u0103 pe partenerii s\u0103i din Uniunea European\u0103.Pre\u0219edin\u021bia francez\u0103 a evocat &#8216;discu\u021bii&#8217; \u00eentre &#8216;liderii europeni pentru o posibil\u0103 \u00eentrevedere informal\u0103&#8217;, \u00eens\u0103 f\u0103r\u0103 a confirma data.<\/p>\n<p><a title=\"Romania, cu caciula in mana in fata marilor lumii. Sabotaj la cel mai inalt nivel in PNL: Cum au pierdut liberalii pe mana lui Diaconescu si Bolojan\" href=\"https:\/\/www.realitatea.net\/stiri\/actual\/romania-cu-caciula-in-mana-in-fata-marilor-lumii-sabotaj-la-cel-mai-inalt-nivel-in-pnl-cum-au-pierdut-liberalii-pe-mana-lui-diaconescu-si-bolojan_67b1fb03e2ec48051b1862c2\">Rom\u00e2nia, cu c\u0103ciula \u00een m\u00e2n\u0103 \u00een fa\u021ba marilor lumii. Sabotaj la cel mai \u00eenalt nivel \u00een PNL: Cum au pierdut liberalii pe m\u00e2na lui Diaconescu \u0219i Bolojan<\/a><\/p>","protected":false},"excerpt":{"rendered":"<p>&#8216;Pre\u0219edintele interimar, Ilie Bolojan, \u0219i ministrul de Externe, Emil Hurezeanu, au obliga\u021bia s\u0103 ob\u021bin\u0103 un&hellip;<\/p>\n","protected":false},"author":0,"featured_media":32131,"comment_status":"open","ping_status":"open","sticky":false,"template":"","format":"standard","meta":{"footnotes":""},"categories":[2],"tags":[],"class_list":["post-32140","post","type-post","status-publish","format-standard","has-post-thumbnail","hentry","category-actual"],"_links":{"self":[{"href":"https:\/\/247stiri.ro\/index.php\/wp-json\/wp\/v2\/posts\/32140","targetHints":{"allow":["GET"]}}],"collection":[{"href":"https:\/\/247stiri.ro\/index.php\/wp-json\/wp\/v2\/posts"}],"about":[{"href":"https:\/\/247stiri.ro\/index.php\/wp-json\/wp\/v2\/types\/post"}],"replies":[{"embeddable":true,"href":"https:\/\/247stiri.ro\/index.php\/wp-json\/wp\/v2\/comments?post=32140"}],"version-history":[{"count":0,"href":"https:\/\/247stiri.ro\/index.php\/wp-json\/wp\/v2\/posts\/32140\/revisions"}],"wp:featuredmedia":[{"embeddable":true,"href":"https:\/\/247stiri.ro\/index.php\/wp-json\/wp\/v2\/media\/32131"}],"wp:attachment":[{"href":"https:\/\/247stiri.ro\/index.php\/wp-json\/wp\/v2\/media?parent=32140"}],"wp:term":[{"taxonomy":"category","embeddable":true,"href":"https:\/\/247stiri.ro\/index.php\/wp-json\/wp\/v2\/categories?post=32140"},{"taxonomy":"post_tag","embeddable":true,"href":"https:\/\/247stiri.ro\/index.php\/wp-json\/wp\/v2\/tags?post=32140"}],"curies":[{"name":"wp","href":"https:\/\/api.w.org\/{rel}","templated":true}]}}