{"id":32147,"date":"2025-02-16T16:45:57","date_gmt":"2025-02-16T16:45:57","guid":{"rendered":"https:\/\/247stiri.ro\/index.php\/2025\/02\/16\/romania-umilita-tara-noastra-nu-va-participa-la-summitul-de-la-paris-convocat-de-emmanuel-macron\/"},"modified":"2025-02-16T16:45:57","modified_gmt":"2025-02-16T16:45:57","slug":"romania-umilita-tara-noastra-nu-va-participa-la-summitul-de-la-paris-convocat-de-emmanuel-macron","status":"publish","type":"post","link":"https:\/\/247stiri.ro\/index.php\/2025\/02\/16\/romania-umilita-tara-noastra-nu-va-participa-la-summitul-de-la-paris-convocat-de-emmanuel-macron\/","title":{"rendered":"Rom\u00e2nia, umilit\u0103: \u021aara noastr\u0103 nu va participa la summitul de la Paris, convocat de Emmanuel Macron"},"content":{"rendered":"<p>\u00a0Pre\u0219edintele interimar, Ilie Bolojan, nu se va afla m\u00e2ine la Paris, va r\u0103m\u00e2ne \u00een \u021bar\u0103 \u0219i \u00ee\u0219i va continua programul oficial pe care \u00eel avea publicat pe site-ul Administra\u021biei Preziden\u021biale.<\/p>\n<p>Motivul, spun sursele Realitatea Plus, este acela c\u0103 \u00eenc\u0103 nu suntem preg\u0103ti\u021bi pentru acest eveniment. Cel mai probabil am putea vedea o participare a Rom\u00e2niei \u00een urm\u0103toarele zile, dar nici asta nu este sigur. Cert este c\u0103 sunt \u00een continuare discu\u021bii, se fac demersuri la nivel diplomatic pentru acest lucru.<\/p>\n<p>Este o \u00eent\u00e2lnire extrem de important\u0103 pentru c\u0103 vorbim de un summit convocat dup\u0103 declara\u021biile lui Donald Trump pentru pacea \u00een Ucraina, o \u00eent\u00e2lnire f\u0103r\u0103 Europa. Liderii europeni discut\u0103 despre acest subiect \u00een condi\u021biile \u00een care Ucraina este la grani\u021ba \u021b\u0103rii noastre.<\/p>\n<p>Liderii europeni urmeaz\u0103 s\u0103 se \u00eent\u00e2lneasc\u0103 luni, pe 17 februarie, la Paris, la un summit de urgen\u021b\u0103 convocat de pre\u0219edintele francez Emmnuel Macron. \u00cent\u00e2lnirea are loc \u00een timp ce SUA \u0219i Rusia se preg\u0103tesc pentru discu\u021biile de pace \u00een Ucraina din Arabia Saudit\u0103.<\/p>\n<p><a title=',,Bolojan si Hurezeanu au obligatia sa obtina un loc la masa discutiilor de la Paris convocate de Macron\". Cine trage semnalul de alarma' href=\"https:\/\/www.realitatea.net\/stiri\/actual\/bolojan-si-hurezeanu-au-obligatia-sa-obtina-un-loc-la-masa-discutiilor-de-la-paris-convocate-de-macron-cine-trage-semnalul-de-alarma_67b1fdaddd134f39f05e1872\">\u201eBolojan \u0219i Hurezeanu au obliga\u021bia s\u0103 ob\u021bin\u0103 un loc la masa discu\u021biilor de la Paris convocate de Macron\u201d. Cine trage semnalul de alarm\u0103<\/a><\/p>","protected":false},"excerpt":{"rendered":"<p>\u00a0Pre\u0219edintele interimar, Ilie Bolojan, nu se va afla m\u00e2ine la Paris, va r\u0103m\u00e2ne \u00een \u021bar\u0103&hellip;<\/p>\n","protected":false},"author":0,"featured_media":32146,"comment_status":"open","ping_status":"open","sticky":false,"template":"","format":"standard","meta":{"footnotes":""},"categories":[2],"tags":[],"class_list":["post-32147","post","type-post","status-publish","format-standard","has-post-thumbnail","hentry","category-actual"],"_links":{"self":[{"href":"https:\/\/247stiri.ro\/index.php\/wp-json\/wp\/v2\/posts\/32147","targetHints":{"allow":["GET"]}}],"collection":[{"href":"https:\/\/247stiri.ro\/index.php\/wp-json\/wp\/v2\/posts"}],"about":[{"href":"https:\/\/247stiri.ro\/index.php\/wp-json\/wp\/v2\/types\/post"}],"replies":[{"embeddable":true,"href":"https:\/\/247stiri.ro\/index.php\/wp-json\/wp\/v2\/comments?post=32147"}],"version-history":[{"count":0,"href":"https:\/\/247stiri.ro\/index.php\/wp-json\/wp\/v2\/posts\/32147\/revisions"}],"wp:featuredmedia":[{"embeddable":true,"href":"https:\/\/247stiri.ro\/index.php\/wp-json\/wp\/v2\/media\/32146"}],"wp:attachment":[{"href":"https:\/\/247stiri.ro\/index.php\/wp-json\/wp\/v2\/media?parent=32147"}],"wp:term":[{"taxonomy":"category","embeddable":true,"href":"https:\/\/247stiri.ro\/index.php\/wp-json\/wp\/v2\/categories?post=32147"},{"taxonomy":"post_tag","embeddable":true,"href":"https:\/\/247stiri.ro\/index.php\/wp-json\/wp\/v2\/tags?post=32147"}],"curies":[{"name":"wp","href":"https:\/\/api.w.org\/{rel}","templated":true}]}}