{"id":32164,"date":"2025-02-16T18:44:56","date_gmt":"2025-02-16T18:44:56","guid":{"rendered":"https:\/\/247stiri.ro\/index.php\/2025\/02\/16\/negocieri-acerbe-pentru-extinderea-formatului-conferintei-de-la-paris-pentru-a-fi-si-romania-inclusa-la-masa-marilor-ue\/"},"modified":"2025-02-16T18:44:56","modified_gmt":"2025-02-16T18:44:56","slug":"negocieri-acerbe-pentru-extinderea-formatului-conferintei-de-la-paris-pentru-a-fi-si-romania-inclusa-la-masa-marilor-ue","status":"publish","type":"post","link":"https:\/\/247stiri.ro\/index.php\/2025\/02\/16\/negocieri-acerbe-pentru-extinderea-formatului-conferintei-de-la-paris-pentru-a-fi-si-romania-inclusa-la-masa-marilor-ue\/","title":{"rendered":"Negocieri acerbe pentru extinderea formatului conferin\u021bei de la Paris, pentru a fi \u0219i Romania inclus\u0103 la masa marilor UE"},"content":{"rendered":"<p>Potrivit surselor Realitatea Plus, se discuta acum cu oficialii europeni astfel incat s\u0103 fac\u0103 \u0219i Romania sa faca parte din acest format. Pe parcursul acestei zile, inca de ieri s-au purtat negocieri astfel incat si presedintele interimar, Ilie Bolojan sa fie la acea masa cu liderii europeni la intalnirea de maine.<\/p>\n<p>Din informatiile Realitatea Plus, sunt slabe sansele ca acest lucru sa se mai intapla la intalnirea de maine, insa se negociaza ca pe viitor Romania sa faca parte automat din acest format, si asta ar insemna ca inviitor, in cadrul unor astfel de intalniri, sa ofim si noi invitati de drept.<\/p>\n<p>Liderii europeni urmeaz\u0103 s\u0103 se \u00eent\u00e2lneasc\u0103 luni, pe 17 februarie, la Paris, la un summit de urgen\u021b\u0103 convocat de pre\u0219edintele francez Emmnuel Macron. \u00cent\u00e2lnirea are loc \u00een timp ce SUA \u0219i Rusia se preg\u0103tesc pentru discu\u021biile de pace \u00een Ucraina din Arabia Saudit\u0103.<\/p>\n<p><a title=\"Romania, umilita: Tara noastra nu va participa la summitul de la Paris, convocat de Emmanuel Macron\" href=\"https:\/\/www.realitatea.net\/stiri\/actual\/romania-umilita-tara-noastra-nu-va-participa-la-summitul-de-la-paris-convocat-de-emmanuel-macron_67b2103743a6eb614826e872\">Rom\u00e2nia, umilit\u0103: \u021aara noastr\u0103 nu va participa la summitul de la Paris, convocat de Emmanuel Macron<\/a><\/p>","protected":false},"excerpt":{"rendered":"<p>Potrivit surselor Realitatea Plus, se discuta acum cu oficialii europeni astfel incat s\u0103 fac\u0103 \u0219i&hellip;<\/p>\n","protected":false},"author":0,"featured_media":32162,"comment_status":"open","ping_status":"open","sticky":false,"template":"","format":"standard","meta":{"footnotes":""},"categories":[2],"tags":[],"class_list":["post-32164","post","type-post","status-publish","format-standard","has-post-thumbnail","hentry","category-actual"],"_links":{"self":[{"href":"https:\/\/247stiri.ro\/index.php\/wp-json\/wp\/v2\/posts\/32164","targetHints":{"allow":["GET"]}}],"collection":[{"href":"https:\/\/247stiri.ro\/index.php\/wp-json\/wp\/v2\/posts"}],"about":[{"href":"https:\/\/247stiri.ro\/index.php\/wp-json\/wp\/v2\/types\/post"}],"replies":[{"embeddable":true,"href":"https:\/\/247stiri.ro\/index.php\/wp-json\/wp\/v2\/comments?post=32164"}],"version-history":[{"count":0,"href":"https:\/\/247stiri.ro\/index.php\/wp-json\/wp\/v2\/posts\/32164\/revisions"}],"wp:featuredmedia":[{"embeddable":true,"href":"https:\/\/247stiri.ro\/index.php\/wp-json\/wp\/v2\/media\/32162"}],"wp:attachment":[{"href":"https:\/\/247stiri.ro\/index.php\/wp-json\/wp\/v2\/media?parent=32164"}],"wp:term":[{"taxonomy":"category","embeddable":true,"href":"https:\/\/247stiri.ro\/index.php\/wp-json\/wp\/v2\/categories?post=32164"},{"taxonomy":"post_tag","embeddable":true,"href":"https:\/\/247stiri.ro\/index.php\/wp-json\/wp\/v2\/tags?post=32164"}],"curies":[{"name":"wp","href":"https:\/\/api.w.org\/{rel}","templated":true}]}}