{"id":32167,"date":"2025-02-16T19:45:16","date_gmt":"2025-02-16T19:45:16","guid":{"rendered":"https:\/\/247stiri.ro\/index.php\/2025\/02\/16\/ce-arata-sondajele-partidelor-inainte-sa-inceapa-campania-pentru-prezidentale-calin-georgescu-este-destul-de-sus\/"},"modified":"2025-02-16T19:45:16","modified_gmt":"2025-02-16T19:45:16","slug":"ce-arata-sondajele-partidelor-inainte-sa-inceapa-campania-pentru-prezidentale-calin-georgescu-este-destul-de-sus","status":"publish","type":"post","link":"https:\/\/247stiri.ro\/index.php\/2025\/02\/16\/ce-arata-sondajele-partidelor-inainte-sa-inceapa-campania-pentru-prezidentale-calin-georgescu-este-destul-de-sus\/","title":{"rendered":"Ce arat\u0103 sondajele partidelor, \u00eenainte s\u0103 \u00eenceap\u0103 campania pentru preziden\u021bale: &#8222;C\u0103lin Georgescu este destul de sus&#8221;"},"content":{"rendered":"<p>Vicepre\u015fedintele PSD Vasile D\u00eencu a afirmat, \u00een leg\u0103tur\u0103 cu candidatul coali\u0163iei de guvernare la alegerile preziden\u0163iale, Crin Antonescu, c\u0103 a intrat \u00een aceast\u0103 competi\u0163ie destul de bine, cu o anumit\u0103 experien\u0163\u0103 \u00een discurs. \u0218i totu\u0219i, \u0219ansele sale sunt \u0219ubrede, potrivit sondajelor interne ale partidelor. Favorit \u00een preferin\u021bele rom\u00e2nilor cu drept de vot este C\u0103lin Georgescu, spune D\u00eencu.<\/p>\n<p>\u00centrebat cum st\u0103 Crin Antonescu \u00een aceast\u0103 competi\u0163ie electoral\u0103, vicepre\u0219edintele PSD a declarat: \u201dCrin Antonescu a intrat \u00een competi\u0163ie destul de bine, cu o anumit\u0103 experien\u0163\u0103 \u00een discurs, ar\u0103t\u00e2nd c\u0103 are postur\u0103 de pre\u015fedinte, c\u0103 a fost antrenat chiar dac\u0103 a avut o pauz\u0103, s-a antrenat pentru func\u0163ia de pre\u015fedinte \u015fi imaginea pe care o d\u0103 \u00een sondaje este una foarte bun\u0103, de preziden\u0163iabil. Este foarte complicat. Sper\u0103m s\u0103 reu\u015feasc\u0103 s\u0103 intre \u00een turul doi pentru c\u0103 \u00een acest moment C\u0103lin Georgescu este destul de sus \u015fi apoi este competi\u0163ia care exist\u0103 cu Nicu\u015for Dan, este cu Elena Lasconi, Victor Ponta chiar ar putea s\u0103 devin\u0103 un candidat\u201d, a afirmat Vasile D\u00eencu.\u00a0<\/p>","protected":false},"excerpt":{"rendered":"<p>Vicepre\u015fedintele PSD Vasile D\u00eencu a afirmat, \u00een leg\u0103tur\u0103 cu candidatul coali\u0163iei de guvernare la alegerile&hellip;<\/p>\n","protected":false},"author":0,"featured_media":32168,"comment_status":"open","ping_status":"open","sticky":false,"template":"","format":"standard","meta":{"footnotes":""},"categories":[3],"tags":[],"class_list":["post-32167","post","type-post","status-publish","format-standard","has-post-thumbnail","hentry","category-politica"],"_links":{"self":[{"href":"https:\/\/247stiri.ro\/index.php\/wp-json\/wp\/v2\/posts\/32167","targetHints":{"allow":["GET"]}}],"collection":[{"href":"https:\/\/247stiri.ro\/index.php\/wp-json\/wp\/v2\/posts"}],"about":[{"href":"https:\/\/247stiri.ro\/index.php\/wp-json\/wp\/v2\/types\/post"}],"replies":[{"embeddable":true,"href":"https:\/\/247stiri.ro\/index.php\/wp-json\/wp\/v2\/comments?post=32167"}],"version-history":[{"count":0,"href":"https:\/\/247stiri.ro\/index.php\/wp-json\/wp\/v2\/posts\/32167\/revisions"}],"wp:featuredmedia":[{"embeddable":true,"href":"https:\/\/247stiri.ro\/index.php\/wp-json\/wp\/v2\/media\/32168"}],"wp:attachment":[{"href":"https:\/\/247stiri.ro\/index.php\/wp-json\/wp\/v2\/media?parent=32167"}],"wp:term":[{"taxonomy":"category","embeddable":true,"href":"https:\/\/247stiri.ro\/index.php\/wp-json\/wp\/v2\/categories?post=32167"},{"taxonomy":"post_tag","embeddable":true,"href":"https:\/\/247stiri.ro\/index.php\/wp-json\/wp\/v2\/tags?post=32167"}],"curies":[{"name":"wp","href":"https:\/\/api.w.org\/{rel}","templated":true}]}}