{"id":32205,"date":"2025-02-17T05:45:39","date_gmt":"2025-02-17T05:45:39","guid":{"rendered":"https:\/\/247stiri.ro\/index.php\/2025\/02\/17\/interimarul-bolojan-somat-sa-lamureasca-anularea-alegerilor-este-o-problema-de-stat\/"},"modified":"2025-02-17T05:45:39","modified_gmt":"2025-02-17T05:45:39","slug":"interimarul-bolojan-somat-sa-lamureasca-anularea-alegerilor-este-o-problema-de-stat","status":"publish","type":"post","link":"https:\/\/247stiri.ro\/index.php\/2025\/02\/17\/interimarul-bolojan-somat-sa-lamureasca-anularea-alegerilor-este-o-problema-de-stat\/","title":{"rendered":"Interimarul Bolojan, somat s\u0103 l\u0103mureasc\u0103 anularea alegerilor: &#8222;Este o problem\u0103 de stat!&#8221;"},"content":{"rendered":"<p>Candidatul coali\u021biei sus\u021bine c\u0103 Ilie Bolojan este obligat s\u0103 ofere explica\u021bii concrete legate de decizia controversat\u0103 a CCR.\u00a0<\/p>\n<p>Antonescu spune c\u0103 Rom\u00e2nia nu poate ignora acest subiect, mai ales c\u00e2nd \u0219i Washingtonul cere l\u0103muriri.\u00a0<\/p>\n<p>Antonescu a mai ad\u0103ugat c\u0103 acest scandal a devenit o problem\u0103 de stat, iar autorit\u0103\u021bile trebuie s\u0103 fie preg\u0103tite s\u0103 explice nu doar deciziile lor, ci \u0219i motivul din spatele lor.\u00a0<\/p>\n<p>El consider\u0103 c\u0103 t\u0103cerea autorit\u0103\u021bilor alimenteaz\u0103 suspiciuni \u0219i pune \u021bara \u00eentr-o pozi\u021bie delicat\u0103 pe plan interna\u021bional. \u00centr-un context tot mai tensionat, Crin Antonescu avertizeaz\u0103 c\u0103 acest subiect nu va disp\u0103rea de pe agenda interna\u021bional\u0103 \u0219i c\u0103 autorit\u0103\u021bile rom\u00e2ne trebuie s\u0103 ac\u021bioneze rapid pentru a evita o criz\u0103 diplomatic\u0103.\u00a0<\/p>","protected":false},"excerpt":{"rendered":"<p>Candidatul coali\u021biei sus\u021bine c\u0103 Ilie Bolojan este obligat s\u0103 ofere explica\u021bii concrete legate de decizia&hellip;<\/p>\n","protected":false},"author":0,"featured_media":32206,"comment_status":"open","ping_status":"open","sticky":false,"template":"","format":"standard","meta":{"footnotes":""},"categories":[3],"tags":[],"class_list":["post-32205","post","type-post","status-publish","format-standard","has-post-thumbnail","hentry","category-politica"],"_links":{"self":[{"href":"https:\/\/247stiri.ro\/index.php\/wp-json\/wp\/v2\/posts\/32205","targetHints":{"allow":["GET"]}}],"collection":[{"href":"https:\/\/247stiri.ro\/index.php\/wp-json\/wp\/v2\/posts"}],"about":[{"href":"https:\/\/247stiri.ro\/index.php\/wp-json\/wp\/v2\/types\/post"}],"replies":[{"embeddable":true,"href":"https:\/\/247stiri.ro\/index.php\/wp-json\/wp\/v2\/comments?post=32205"}],"version-history":[{"count":0,"href":"https:\/\/247stiri.ro\/index.php\/wp-json\/wp\/v2\/posts\/32205\/revisions"}],"wp:featuredmedia":[{"embeddable":true,"href":"https:\/\/247stiri.ro\/index.php\/wp-json\/wp\/v2\/media\/32206"}],"wp:attachment":[{"href":"https:\/\/247stiri.ro\/index.php\/wp-json\/wp\/v2\/media?parent=32205"}],"wp:term":[{"taxonomy":"category","embeddable":true,"href":"https:\/\/247stiri.ro\/index.php\/wp-json\/wp\/v2\/categories?post=32205"},{"taxonomy":"post_tag","embeddable":true,"href":"https:\/\/247stiri.ro\/index.php\/wp-json\/wp\/v2\/tags?post=32205"}],"curies":[{"name":"wp","href":"https:\/\/api.w.org\/{rel}","templated":true}]}}