{"id":32212,"date":"2025-02-17T05:45:41","date_gmt":"2025-02-17T05:45:41","guid":{"rendered":"https:\/\/247stiri.ro\/index.php\/2025\/02\/17\/sarbatoarea-zilei-17-februarie-2025-un-mare-sfant-este-praznuit-de-crestinatate-cruce-neagra-in-calendar\/"},"modified":"2025-02-17T05:45:41","modified_gmt":"2025-02-17T05:45:41","slug":"sarbatoarea-zilei-17-februarie-2025-un-mare-sfant-este-praznuit-de-crestinatate-cruce-neagra-in-calendar","status":"publish","type":"post","link":"https:\/\/247stiri.ro\/index.php\/2025\/02\/17\/sarbatoarea-zilei-17-februarie-2025-un-mare-sfant-este-praznuit-de-crestinatate-cruce-neagra-in-calendar\/","title":{"rendered":"S\u0103rb\u0103toarea zilei, 17 februarie 2025. Un mare sf\u00e2nt este pr\u0103znuit de cre\u0219tin\u0103tate. Cruce neagr\u0103 \u00een calendar"},"content":{"rendered":"<p>S\u0103rb\u0103torile zilei, 17 februarie 2025:<\/p>\n<p>OrtodoxeSf. Mare Mc. Teodor Tiron; Sf. Mariamna; Sf. \u00eemp\u0103ra\u0163i Marcian \u015fi Pulheria<\/p>\n<p>Greco-catoliceSf. m. Teodor Tiron.<\/p>\n<p>Romano-catoliceSs. \u00centemeietori ai Societ\u0103\u0163ii &#8222;Slujitorii Sf. Fc. Maria&#8221; *; Teodor, soldat m.<\/p>\n<p>Sf\u00e2ntul Mare Mucenic Teodor Tiron este pomenit \u00een calendarul cre\u015ftin ortodox \u00een ziua de 17 februarie.<\/p>\n<p>Sf\u00e2ntul Teodor era militar, comandant al unei cohorte de c\u00e2teva sute de osta\u015fi, cei mai buni din legiune (ce num\u0103ra \u00een jur de 5.000 de oameni), care se numeau &#8222;margari\u0163i&#8221; (adic\u0103 tari \u015fi puternici), \u00een timpul \u00eemp\u0103ratului roman Maximian (286-305).<\/p>\n<p>Acest corp de armat\u0103, comandat de generalul Vringa, a fost mutat \u00een R\u0103s\u0103rit, \u00een cetatea Evhaita. Dup\u0103 un timp, comandantul a dorit ca to\u0163i osta\u015fii s\u0103 aduc\u0103 jertf\u0103 zeilor. \u00cen aceast\u0103 \u00eemprejurare, Sf\u00e2ntul Teodor a m\u0103rturisit \u00een fa\u0163a generalului c\u0103 este cre\u015ftin.<\/p>\n<p>Sf\u00e2ntul mare m\u0103rturisitor Teodor era cre\u015ftin \u00eentr-ascuns, din mo\u015fi-str\u0103mo\u015fi, din cetatea Amasiei, dar se ar\u0103ta a fi elin.<\/p>\n<p>Dispozi\u0163iile date de \u00eemp\u0103ra\u0163ii romani \u00eempotriva cre\u015ftinilor erau atunci \u00eenfrico\u015f\u0103toare, &#8222;iar \u00eempreun\u0103 cu poruncile lor cele p\u0103g\u00e2ne\u015fti \u015fi f\u0103r\u0103 de Dumnezeu, au trimis ighemoni, oameni tirani, cruzi \u015fi f\u0103r\u0103 de omenie prin toat\u0103 st\u0103p\u00e2nirea lor, poruncind ca oricare dintre cre\u015ftini ar voi s\u0103 se lepede de Hristos, mare cinste \u015fi dreg\u0103torii s\u0103 aib\u0103 de la \u00eemp\u0103ra\u0163i. Iar dac\u0103 vor fi tari \u00een credin\u0163a lor \u015fi nu vor voi s\u0103 jertfeasc\u0103 zeilor eline\u015fti, au s\u0103 p\u0103timeasc\u0103 munci, pedepse grozave \u015fi cumplite \u015fi cu amar\u0103 moarte s\u0103 se omoare&#8221;. (Vie\u0163ile Sfin\u0163ilor)<\/p>\n<p>&#8222;Era mare fric\u0103 \u015fi nevoie asupra cre\u015ftinilor. Unii dintre d\u00e2n\u015fii, care erau mai mari la suflet \u015fi tari \u00een credin\u0163\u0103, se duceau \u015fi m\u0103rturiseau la ar\u0103tare \u015fi cu \u00eendr\u0103zneal\u0103 \u00eenaintea tiranilor acelora, c\u0103 Hristos este Dumnezeul cel adev\u0103rat. Apoi mureau cu multe \u015fi cumplite munci. Al\u0163ii, de fric\u0103, vai! se duceau \u015fi se lep\u0103dau de Hristos \u015fi jertfeau idolilor. Iar c\u00e2\u0163i nu puteau s\u0103 m\u0103rturiseasc\u0103 pe Hristos \u00eenaintea tiranilor, nici s\u0103 se \u00eenchine idolilor, fugeau \u015fi se ascundeau prin mun\u0163i \u015fi pe\u015fteri. Iar al\u0163ii, tem\u00e2ndu-se a se descoperi c\u0103 sunt cre\u015ftini, se f\u0103\u0163\u0103rniceau c\u0103 sunt elini, dar \u00eentr-ascuns erau cre\u015ftini&#8221;. (Vie\u0163ile Sfin\u0163ilor)<\/p>\n<p>&#8222;Teodore, pentru ce nu jertfe\u015fti zeilor ca noi to\u0163i? Oare numai tu singur e\u015fti cre\u015ftin?&#8221;, l-a \u00eentrebat comandantul s\u0103u, cunosc\u00e2ndu-se faptul c\u0103 at\u00e2t de mare era teroarea \u015fi frica dezl\u0103n\u0163uit\u0103 asupra cre\u015ftinilor c\u0103 mul\u0163i dintre ei se temeau s\u0103 se descopere pe fa\u0163\u0103 c\u0103 sunt cre\u015ftini.<\/p>\n<p>Adev\u0103rat osta\u015f al lui Hristos, Sf\u00e2ntul Teodor a r\u0103spuns cu \u00eendr\u0103zneal\u0103: &#8222;Eu sunt cre\u015ftin din \u00eenceput \u015fi cred \u00een Hristosul meu \u015fi Lui voiesc s\u0103-I jertfesc, av\u00e2nd pe Iisus Hristos Dumnezeu adev\u0103rat \u015fi \u00eemp\u0103rat al tuturor, iar celor desfr\u00e2na\u0163i zei, nicidecum nu le voi jertfi&#8221;. (Vie\u0163ile Sfin\u0163ilor)<\/p>\n<p>Sf\u00e2ntul Teodor a r\u0103mas statornic \u00een credin\u0163\u0103 \u015fi a primit moarte muceniceasc\u0103. Dup\u0103 chinuri grozave a fost condamnat s\u0103 fie ars de viu.<\/p>\n<p>Dumnezeu \u00eens\u0103, ca s\u0103-l sl\u0103veasc\u0103 pe sf\u00e2ntul S\u0103u, &#8222;a iconomisit un lucru ca acesta: v\u0103paia aceea s-a f\u0103cut ca o lum\u00e2nare, \u00eenc\u00e2t numai a \u00eenconjurat trupul sf\u00e2ntului, dar nu l-a v\u0103t\u0103mat deloc. Sf\u00e2ntul, mul\u0163umind lui Dumnezeu, \u015fi-a dat sf\u00e2ntul s\u0103u suflet \u00een m\u00e2inile lui Dumnezeu. &#8222;\u015ei am v\u0103zut, zice scriitorul care a fost martor, cinstitul \u015fi sf\u00e2ntul s\u0103u suflet ridic\u00e2ndu-se spre cer, ca un fulger!&#8221;. (Vie\u0163ile Sfin\u0163ilor)<\/p>\n<p>Mai t\u00e2rziu, \u00een vremea \u00eemp\u0103ratului Iulian Apostatul (361-363), c\u00e2nd acesta a dat ordin guvernatorului ora\u015fului Constantinopol s\u0103 stropeasc\u0103 toate proviziile din pie\u0163ele de alimente cu s\u00e2nge de la jertfele aduse zeilor, s-a \u00eent\u00e2mplat \u00een chip minunat ca Sf\u00e2ntul Mare Mucenic Teodor s\u0103 se arate \u00een vis arhiepiscopului Eudoxie.<\/p>\n<p>Sf\u00e2ntul Teodor Tiron i-a zis atunci s\u0103 le spun\u0103 cre\u015ftinilor s\u0103 nu cumpere nimic din pia\u0163\u0103, ci s\u0103 m\u0103n\u00e2nce gr\u00e2u fiert cu miere (coliv\u0103).<\/p>\n<p>O s\u0103pt\u0103m\u00e2n\u0103, prima s\u0103pt\u0103m\u00e2n\u0103 a Postului Mare, a durat aceasta, iar produsele alimentare \u00een acest timp s-au stricat \u015fi a trebuit s\u0103 fie aruncate \u00een mare. La sf\u00e2r\u015fitul s\u0103pt\u0103m\u00e2nii, s\u00e2mb\u0103ta, cre\u015ftinii au f\u0103cut pomenirea Sf\u00e2ntului Mucenic Teodor.<\/p>\n<p>Din acea perioad\u0103 se p\u0103streaz\u0103 obiceiul ca \u00een s\u00e2mb\u0103ta \u00eent\u00e2ia a marelui post s\u0103 se s\u0103v\u00e2r\u015feasc\u0103 pomenirea minunii care s-a f\u0103cut \u00een zilele cu coliva, ca s\u0103 nu se uite milostivirea \u015fi purtarea de grij\u0103 a lui Dumnezeu pentru cre\u015ftini \u015fi ajutorul Sf\u00e2ntului Marelui Mucenic Teodor. (sursa: vol. &#8222;Vie\u0163ile Sfin\u0163ilor&#8221;).<\/p>\n<p><a href=\"https:\/\/www.realitatea.net\/stiri\/lifestyle\/calendar-ortodox-16-februarie-2025-sfantul-mucenic-pamfil-luminatorul-credintei-rugaciunea-care-trebuie-rostita-azi-pentru-a-va-merge-bine_67b189d6ba28f731cf0b19a2\" target=\"_blank\">Calendar ortodox 16 februarie 2025: Sf\u00e2ntul Mucenic Pamfil, lumin\u0103torul credin\u021bei. Rug\u0103ciunea care trebuie rostit\u0103 azi pentru a v\u0103 merge bine<\/a><\/p>","protected":false},"excerpt":{"rendered":"<p>S\u0103rb\u0103torile zilei, 17 februarie 2025: OrtodoxeSf. Mare Mc. Teodor Tiron; Sf. Mariamna; Sf. \u00eemp\u0103ra\u0163i Marcian&hellip;<\/p>\n","protected":false},"author":0,"featured_media":32200,"comment_status":"open","ping_status":"open","sticky":false,"template":"","format":"standard","meta":{"footnotes":""},"categories":[2],"tags":[],"class_list":["post-32212","post","type-post","status-publish","format-standard","has-post-thumbnail","hentry","category-actual"],"_links":{"self":[{"href":"https:\/\/247stiri.ro\/index.php\/wp-json\/wp\/v2\/posts\/32212","targetHints":{"allow":["GET"]}}],"collection":[{"href":"https:\/\/247stiri.ro\/index.php\/wp-json\/wp\/v2\/posts"}],"about":[{"href":"https:\/\/247stiri.ro\/index.php\/wp-json\/wp\/v2\/types\/post"}],"replies":[{"embeddable":true,"href":"https:\/\/247stiri.ro\/index.php\/wp-json\/wp\/v2\/comments?post=32212"}],"version-history":[{"count":0,"href":"https:\/\/247stiri.ro\/index.php\/wp-json\/wp\/v2\/posts\/32212\/revisions"}],"wp:featuredmedia":[{"embeddable":true,"href":"https:\/\/247stiri.ro\/index.php\/wp-json\/wp\/v2\/media\/32200"}],"wp:attachment":[{"href":"https:\/\/247stiri.ro\/index.php\/wp-json\/wp\/v2\/media?parent=32212"}],"wp:term":[{"taxonomy":"category","embeddable":true,"href":"https:\/\/247stiri.ro\/index.php\/wp-json\/wp\/v2\/categories?post=32212"},{"taxonomy":"post_tag","embeddable":true,"href":"https:\/\/247stiri.ro\/index.php\/wp-json\/wp\/v2\/tags?post=32212"}],"curies":[{"name":"wp","href":"https:\/\/api.w.org\/{rel}","templated":true}]}}