{"id":32218,"date":"2025-02-17T06:45:54","date_gmt":"2025-02-17T06:45:54","guid":{"rendered":"https:\/\/247stiri.ro\/index.php\/2025\/02\/17\/motiunea-de-cenzura-impotriva-guvernului-ciolacu-va-fi-depusa-astazi-la-parlament\/"},"modified":"2025-02-17T06:45:54","modified_gmt":"2025-02-17T06:45:54","slug":"motiunea-de-cenzura-impotriva-guvernului-ciolacu-va-fi-depusa-astazi-la-parlament","status":"publish","type":"post","link":"https:\/\/247stiri.ro\/index.php\/2025\/02\/17\/motiunea-de-cenzura-impotriva-guvernului-ciolacu-va-fi-depusa-astazi-la-parlament\/","title":{"rendered":"Mo\u021biunea de cenzur\u0103 \u00eempotriva Guvernului Ciolacu va fi depus\u0103, ast\u0103zi, la Parlament"},"content":{"rendered":"<p>Lunea trecut\u0103, pre\u015fedintele AUR, George Simion, informa c\u0103 parlamentarii acestui partid vor depune o mo\u0163iune de cenzur\u0103 \u00eempotriva Guvernului Ciolacu, sus\u021bin\u00e2nd c\u0103 cine nu o semneaz\u0103 este un \u201etr\u0103d\u0103tor\u201d.<\/p>\n<p>\u201eDepunem s\u0103pt\u0103m\u00e2na viitoare o mo\u0163iune de cenzur\u0103 \u015fi a\u015ftept\u0103m aceea\u015fi reac\u0163ie decent\u0103 din partea premierului Marcel Ciolacu \u2013 s\u0103 plece\u201d, afirma pre\u015fedintele AUR, la Parlament.<\/p>\n<p>El sus\u0163inea c\u0103 mo\u0163iunea de cenzur\u0103 va fi semnat\u0103 de parlamentarii AUR \u00eempreun\u0103 cu senatorii \u015fi deputa\u0163ii \u201ede bun sim\u0163 din Opozi\u0163ie\u201d care doresc s\u0103 li se al\u0103ture.<\/p>\n<p>Parlamentarii USR \u015fi POT au fost \u00eendemna\u0163i, la sf\u00e2r\u015fitul s\u0103pt\u0103m\u00e2nii trecute, de S.O.S. s\u0103 se al\u0103ture acestui demers.<\/p>\n<p>\u201eMo\u0163iunea de cenzur\u0103 \u2018Premierul NORDIS trebuie s\u0103 plece!\u2019 a fost semnat\u0103 de 125 colegi parlamentari din S.O.S. Rom\u00e2nia \u015fi AUR. Textul mo\u0163iunii de cenzur\u0103 este preg\u0103tit \u015fi asumat de cele dou\u0103 partide, S.O.S. Rom\u00e2nia \u015fi AUR. (\u2026) Colegii din POT \u015fi USR s\u0103 ni se al\u0103ture \u015fi s\u0103 sus\u0163in\u0103 aceast\u0103 ini\u0163iativ\u0103! Rom\u00e2nii merit\u0103 un guvern legitim, nu unul al intereselor de grup! E timpul ca voin\u0163a cet\u0103\u0163enilor s\u0103 fie respectat\u0103\u201d, se ar\u0103ta \u00een mesajul S.O.S..<\/p>\n<p>\u00a0<\/p>","protected":false},"excerpt":{"rendered":"<p>Lunea trecut\u0103, pre\u015fedintele AUR, George Simion, informa c\u0103 parlamentarii acestui partid vor depune o mo\u0163iune&hellip;<\/p>\n","protected":false},"author":0,"featured_media":32219,"comment_status":"open","ping_status":"open","sticky":false,"template":"","format":"standard","meta":{"footnotes":""},"categories":[3],"tags":[],"class_list":["post-32218","post","type-post","status-publish","format-standard","has-post-thumbnail","hentry","category-politica"],"_links":{"self":[{"href":"https:\/\/247stiri.ro\/index.php\/wp-json\/wp\/v2\/posts\/32218","targetHints":{"allow":["GET"]}}],"collection":[{"href":"https:\/\/247stiri.ro\/index.php\/wp-json\/wp\/v2\/posts"}],"about":[{"href":"https:\/\/247stiri.ro\/index.php\/wp-json\/wp\/v2\/types\/post"}],"replies":[{"embeddable":true,"href":"https:\/\/247stiri.ro\/index.php\/wp-json\/wp\/v2\/comments?post=32218"}],"version-history":[{"count":0,"href":"https:\/\/247stiri.ro\/index.php\/wp-json\/wp\/v2\/posts\/32218\/revisions"}],"wp:featuredmedia":[{"embeddable":true,"href":"https:\/\/247stiri.ro\/index.php\/wp-json\/wp\/v2\/media\/32219"}],"wp:attachment":[{"href":"https:\/\/247stiri.ro\/index.php\/wp-json\/wp\/v2\/media?parent=32218"}],"wp:term":[{"taxonomy":"category","embeddable":true,"href":"https:\/\/247stiri.ro\/index.php\/wp-json\/wp\/v2\/categories?post=32218"},{"taxonomy":"post_tag","embeddable":true,"href":"https:\/\/247stiri.ro\/index.php\/wp-json\/wp\/v2\/tags?post=32218"}],"curies":[{"name":"wp","href":"https:\/\/api.w.org\/{rel}","templated":true}]}}