{"id":32220,"date":"2025-02-17T06:45:54","date_gmt":"2025-02-17T06:45:54","guid":{"rendered":"https:\/\/247stiri.ro\/index.php\/2025\/02\/17\/protest-masiv-al-romanilor-pe-21-februarie-cel-putin-un-milion-de-oameni-sunt-asteptati-in-strada-val-de-mesaje-de-mobilizare-pe-tiktok\/"},"modified":"2025-02-17T06:45:54","modified_gmt":"2025-02-17T06:45:54","slug":"protest-masiv-al-romanilor-pe-21-februarie-cel-putin-un-milion-de-oameni-sunt-asteptati-in-strada-val-de-mesaje-de-mobilizare-pe-tiktok","status":"publish","type":"post","link":"https:\/\/247stiri.ro\/index.php\/2025\/02\/17\/protest-masiv-al-romanilor-pe-21-februarie-cel-putin-un-milion-de-oameni-sunt-asteptati-in-strada-val-de-mesaje-de-mobilizare-pe-tiktok\/","title":{"rendered":"PROTEST masiv al rom\u00e2nilor pe 21 februarie: cel pu\u021bin un milion de oameni sunt a\u0219tepta\u021bi \u00een strad\u0103. Val de MESAJE de mobilizare pe TikTok"},"content":{"rendered":"<p>&#8222;Cur\u0103\u021benia general\u0103. 21 februarie. Protest de amploare. Trebuie s\u0103 fim prezen\u021bi, s\u0103 ne lu\u0103m \u021bara \u00eenapoi&#8221;, este mesajul postat pe TikTok.<\/p>\n<p><a title=\"@stefanworkshop\" href=\"https:\/\/www.tiktok.com\/@stefanworkshop?refer=embed\" target=\"_blank\">@stefanworkshop<\/a><\/p>\n<p>\u00a0<\/p>\n<p><a title=\"\u266c sunet original - Hip-hop Romanesc\" href=\"https:\/\/www.tiktok.com\/music\/sunet-original-7315494962308631329?refer=embed\" target=\"_blank\">\u266c sunet original &#8211; Hip-hop Romanesc<\/a><\/p>\n<p>&#8222;Ultimatumul poporului rom\u00e2n. PSD, PNL, UDMR, CCR ave\u021bi timp p\u00e2n\u0103 vineri 21 februarie s\u0103 da\u021bi decret privin reluarea turului 2. \u00cen caz contrar, v\u0103 va m\u0103tura definitiv!<\/p>\n<p>Jandarmeria s\u0103 ia aminte c\u0103 nu va fi ocolit\u0103 de furia poporului! Venim pentru ultima oar\u0103 la Bucure\u0219tiPoporul nu mai vrea dictatur\u0103! Am f\u0103cut-o \u00een 89, o vom face \u0219i acum!!! Tr\u0103d\u0103torii de \u021bar\u0103 vor pl\u0103ti la fel cum a pl\u0103tit \u0219i Ceu\u0219escu&#8221;, se arat\u0103 \u00eent-o alt\u0103 postare.\u00a0<\/p>\n<p><a title=\"@k4r1_tm\" href=\"https:\/\/www.tiktok.com\/@k4r1_tm?refer=embed\" target=\"_blank\">@k4r1_tm<\/a> DESTUL, NE-A AJUNS&#8230;.. <a title=\"revolutie\" href=\"https:\/\/www.tiktok.com\/tag\/revolutie?refer=embed\" target=\"_blank\">#revolutie<\/a> #&#8221;89 <a title=\"bucuresti\" href=\"https:\/\/www.tiktok.com\/tag\/bucuresti?refer=embed\" target=\"_blank\">#bucuresti<\/a> <a title=\"tradare\" href=\"https:\/\/www.tiktok.com\/tag\/tradare?refer=embed\" target=\"_blank\">#tradare<\/a> <a title=\"usa\ud83c\uddfa\ud83c\uddf8\" href=\"https:\/\/www.tiktok.com\/tag\/usa%F0%9F%87%BA%F0%9F%87%B8?refer=embed\" target=\"_blank\">#usa\ud83c\uddfa\ud83c\uddf8<\/a> <a title=\"usa_tiktok\" href=\"https:\/\/www.tiktok.com\/tag\/usa_tiktok?refer=embed\" target=\"_blank\">#usa_tiktok<\/a> <a title=\"protest\" href=\"https:\/\/www.tiktok.com\/tag\/protest?refer=embed\" target=\"_blank\">#protest<\/a> <a title=\"ccr\" href=\"https:\/\/www.tiktok.com\/tag\/ccr?refer=embed\" target=\"_blank\">#ccr<\/a> <a title=\"psd\" href=\"https:\/\/www.tiktok.com\/tag\/psd?refer=embed\" target=\"_blank\">#psd<\/a> <a title=\"pnl\" href=\"https:\/\/www.tiktok.com\/tag\/pnl?refer=embed\" target=\"_blank\">#pnl<\/a> <a title=\"udmr\" href=\"https:\/\/www.tiktok.com\/tag\/udmr?refer=embed\" target=\"_blank\">#udmr<\/a> <a title=\"cg\" href=\"https:\/\/www.tiktok.com\/tag\/cg?refer=embed\" target=\"_blank\">#cg<\/a> <a title=\"cgi\" href=\"https:\/\/www.tiktok.com\/tag\/cgi?refer=embed\" target=\"_blank\">#cgi<\/a> <a title=\"cgfam\" href=\"https:\/\/www.tiktok.com\/tag\/cgfam?refer=embed\" target=\"_blank\">#cgfam<\/a> @calin.georgescu.real @GEORGE SIMION @Anca Alexandrescu @100%LaurentiuBotinoficial <a title=\"\u266c sunet original - Carol\" href=\"https:\/\/www.tiktok.com\/music\/sunet-original-7472029104873048854?refer=embed\" target=\"_blank\">\u266c sunet original &#8211; Carol<\/a><\/p>\n<p>&#8222;21\/2\/2025 Diaspora. Rom\u00e2nii din Rom\u00e2nia acum nu mai este vorba de CG sau Lasconici de \u021bara noastr\u0103. Uni\u021bi vom \u00eenvinge, trebuie s\u0103 ne salv\u0103m \u021bara&#8221;, se arat\u0103 \u00eentr-un alt mesaj de pe re\u021belele de socializare.<\/p>\n<p><a title=\"@chanelchanel094\" href=\"https:\/\/www.tiktok.com\/@chanelchanel094?refer=embed\" target=\"_blank\">@chanelchanel094<\/a> \ud83c\uddf7\ud83c\uddf4\ud83d\udcaa<a title=\"saveromania\" href=\"https:\/\/www.tiktok.com\/tag\/saveromania?refer=embed\" target=\"_blank\">#saveromania<\/a> <a title=\"\ud83c\uddf7\ud83c\uddf4romania\ud83c\uddf7\ud83c\uddf4\" href=\"https:\/\/www.tiktok.com\/tag\/%F0%9F%87%B7%F0%9F%87%B4romania%F0%9F%87%B7%F0%9F%87%B4?refer=embed\" target=\"_blank\">#\ud83c\uddf7\ud83c\uddf4romania\ud83c\uddf7\ud83c\uddf4<\/a> <a title=\"\ud83c\uddf7\ud83c\uddf4\" href=\"https:\/\/www.tiktok.com\/tag\/%F0%9F%87%B7%F0%9F%87%B4?refer=embed\" target=\"_blank\">#\ud83c\uddf7\ud83c\uddf4<\/a> <a title=\"diasporatiktok\" href=\"https:\/\/www.tiktok.com\/tag\/diasporatiktok?refer=embed\" target=\"_blank\">#diasporatiktok<\/a> <a title=\"viralditiktok\" href=\"https:\/\/www.tiktok.com\/tag\/viralditiktok?refer=embed\" target=\"_blank\">#viralditiktok<\/a> <a title=\"diaspora\" href=\"https:\/\/www.tiktok.com\/tag\/diaspora?refer=embed\" target=\"_blank\">#diaspora<\/a> <a title=\"foru\" href=\"https:\/\/www.tiktok.com\/tag\/foru?refer=embed\" target=\"_blank\">#foru<\/a> <a title=\"romania\ud83c\uddf7\ud83c\uddf4\" href=\"https:\/\/www.tiktok.com\/tag\/romania%F0%9F%87%B7%F0%9F%87%B4?refer=embed\" target=\"_blank\">#romania\ud83c\uddf7\ud83c\uddf4<\/a> <a title=\"fyp\" href=\"https:\/\/www.tiktok.com\/tag\/fyp?refer=embed\" target=\"_blank\">#fyp<\/a> <a title=\"bucurestiromania\ud83c\uddf7\ud83c\uddf4\" href=\"https:\/\/www.tiktok.com\/tag\/bucurestiromania%F0%9F%87%B7%F0%9F%87%B4?refer=embed\" target=\"_blank\">#bucurestiromania\ud83c\uddf7\ud83c\uddf4<\/a> <a title=\"tik_tok\" href=\"https:\/\/www.tiktok.com\/tag\/tik_tok?refer=embed\" target=\"_blank\">#tik_tok<\/a> <a title=\"\u266c suono originale - \ud83e\udd77\ud83c\uddf7\ud83c\uddf4\ud83c\uddf7\ud83c\uddfa\ud83d\udda4OLIVIA\ud83d\udda4\ud83c\uddf7\ud83c\uddfa\ud83c\uddf5\ud83c\uddf8\ud83e\udd77\" href=\"https:\/\/www.tiktok.com\/music\/suono-originale-7471957060738747158?refer=embed\" target=\"_blank\">\u266c suono originale &#8211; \ud83e\udd77\ud83c\uddf7\ud83c\uddf4\ud83c\uddf7\ud83c\uddfa\ud83d\udda4OLIVIA\ud83d\udda4\ud83c\uddf7\ud83c\uddfa\ud83c\uddf5\ud83c\uddf8\ud83e\udd77<\/a><\/p>","protected":false},"excerpt":{"rendered":"<p>&#8222;Cur\u0103\u021benia general\u0103. 21 februarie. Protest de amploare. Trebuie s\u0103 fim prezen\u021bi, s\u0103 ne lu\u0103m \u021bara&hellip;<\/p>\n","protected":false},"author":0,"featured_media":32221,"comment_status":"open","ping_status":"open","sticky":false,"template":"","format":"standard","meta":{"footnotes":""},"categories":[3],"tags":[],"class_list":["post-32220","post","type-post","status-publish","format-standard","has-post-thumbnail","hentry","category-politica"],"_links":{"self":[{"href":"https:\/\/247stiri.ro\/index.php\/wp-json\/wp\/v2\/posts\/32220","targetHints":{"allow":["GET"]}}],"collection":[{"href":"https:\/\/247stiri.ro\/index.php\/wp-json\/wp\/v2\/posts"}],"about":[{"href":"https:\/\/247stiri.ro\/index.php\/wp-json\/wp\/v2\/types\/post"}],"replies":[{"embeddable":true,"href":"https:\/\/247stiri.ro\/index.php\/wp-json\/wp\/v2\/comments?post=32220"}],"version-history":[{"count":0,"href":"https:\/\/247stiri.ro\/index.php\/wp-json\/wp\/v2\/posts\/32220\/revisions"}],"wp:featuredmedia":[{"embeddable":true,"href":"https:\/\/247stiri.ro\/index.php\/wp-json\/wp\/v2\/media\/32221"}],"wp:attachment":[{"href":"https:\/\/247stiri.ro\/index.php\/wp-json\/wp\/v2\/media?parent=32220"}],"wp:term":[{"taxonomy":"category","embeddable":true,"href":"https:\/\/247stiri.ro\/index.php\/wp-json\/wp\/v2\/categories?post=32220"},{"taxonomy":"post_tag","embeddable":true,"href":"https:\/\/247stiri.ro\/index.php\/wp-json\/wp\/v2\/tags?post=32220"}],"curies":[{"name":"wp","href":"https:\/\/api.w.org\/{rel}","templated":true}]}}