{"id":32222,"date":"2025-02-17T06:45:55","date_gmt":"2025-02-17T06:45:55","guid":{"rendered":"https:\/\/247stiri.ro\/index.php\/2025\/02\/17\/george-simion-anunt-de-ultim-moment-de-la-munchen-privind-semnaturile-pentru-sustinerea-lui-calin-georgescu-si-marsul-antiguvernamental\/"},"modified":"2025-02-17T06:45:55","modified_gmt":"2025-02-17T06:45:55","slug":"george-simion-anunt-de-ultim-moment-de-la-munchen-privind-semnaturile-pentru-sustinerea-lui-calin-georgescu-si-marsul-antiguvernamental","status":"publish","type":"post","link":"https:\/\/247stiri.ro\/index.php\/2025\/02\/17\/george-simion-anunt-de-ultim-moment-de-la-munchen-privind-semnaturile-pentru-sustinerea-lui-calin-georgescu-si-marsul-antiguvernamental\/","title":{"rendered":"George Simion, anun\u021b de ultim moment de la Munchen privind SEMN\u0102TURILE pentru sus\u021binerea lui C\u0103lin Georgescu \u0219i MAR\u0218UL antiguvernamental"},"content":{"rendered":"<p>&#8222;Voi, fiecare dintre voi, dac\u0103 p\u00e2n\u0103 s\u00e2mb\u0103t\u0103 &#8211; p\u00e2n\u0103 pe 22 februarie &#8211; vre\u021bi s\u0103 ajuta\u021bi la str\u00e2ngerea de semn\u0103turi. A\u0219tept s\u0103 facem 100 de mii comentariile pe TikTok si marsul mare.Nu depunem \u00een aceast\u0103 s\u0103pt\u0103m\u00e2n\u0103 mo\u021biunea de cenzur\u0103 p\u00e2n\u0103 nu avem semn\u0103turi din partea tuturor membrilor opozi\u021biei. A\u0219tept\u0103m azi s\u0103 semneze \u0219i ei mo\u021biunea de cenzur\u0103 &#8211; POT-ul speram ast\u0103zi &#8211;\u00a0 \u0219i USR, m\u0103car o parte, ca s\u0103 nu vedem c\u0103 exist\u0103 o interdic\u021bie din partea doamnei Lasconi. Voin\u021ba rom\u00e2nilor e aceea de a sc\u0103pa de clasa politic\u0103. Trebuie s\u0103 devin\u0103 lege indiferent de c\u00e2t de multe aranjamente fac ei. V\u0103 rog s\u0103 v\u0103 implica\u021bi. Am v\u0103zut mul\u021bi entuzia\u0219ti care vor s\u0103 protesteze pe 21, le oferim cadrul necesar, avem autoriza\u021bie luat\u0103 pentru Pia\u021ba Victoriei&#8221;, a transmis George Simion.\u00a0<\/p>\n<p>\u00a0<\/p>","protected":false},"excerpt":{"rendered":"<p>&#8222;Voi, fiecare dintre voi, dac\u0103 p\u00e2n\u0103 s\u00e2mb\u0103t\u0103 &#8211; p\u00e2n\u0103 pe 22 februarie &#8211; vre\u021bi s\u0103&hellip;<\/p>\n","protected":false},"author":0,"featured_media":32223,"comment_status":"open","ping_status":"open","sticky":false,"template":"","format":"standard","meta":{"footnotes":""},"categories":[3],"tags":[],"class_list":["post-32222","post","type-post","status-publish","format-standard","has-post-thumbnail","hentry","category-politica"],"_links":{"self":[{"href":"https:\/\/247stiri.ro\/index.php\/wp-json\/wp\/v2\/posts\/32222","targetHints":{"allow":["GET"]}}],"collection":[{"href":"https:\/\/247stiri.ro\/index.php\/wp-json\/wp\/v2\/posts"}],"about":[{"href":"https:\/\/247stiri.ro\/index.php\/wp-json\/wp\/v2\/types\/post"}],"replies":[{"embeddable":true,"href":"https:\/\/247stiri.ro\/index.php\/wp-json\/wp\/v2\/comments?post=32222"}],"version-history":[{"count":0,"href":"https:\/\/247stiri.ro\/index.php\/wp-json\/wp\/v2\/posts\/32222\/revisions"}],"wp:featuredmedia":[{"embeddable":true,"href":"https:\/\/247stiri.ro\/index.php\/wp-json\/wp\/v2\/media\/32223"}],"wp:attachment":[{"href":"https:\/\/247stiri.ro\/index.php\/wp-json\/wp\/v2\/media?parent=32222"}],"wp:term":[{"taxonomy":"category","embeddable":true,"href":"https:\/\/247stiri.ro\/index.php\/wp-json\/wp\/v2\/categories?post=32222"},{"taxonomy":"post_tag","embeddable":true,"href":"https:\/\/247stiri.ro\/index.php\/wp-json\/wp\/v2\/tags?post=32222"}],"curies":[{"name":"wp","href":"https:\/\/api.w.org\/{rel}","templated":true}]}}