{"id":32236,"date":"2025-02-17T07:44:51","date_gmt":"2025-02-17T07:44:51","guid":{"rendered":"https:\/\/247stiri.ro\/index.php\/2025\/02\/17\/calin-georgescu-declaratii-despre-candidatii-la-prezidentiale-ponta-ar-trebui-sa-si-cunoasca-limitele\/"},"modified":"2025-02-17T07:44:51","modified_gmt":"2025-02-17T07:44:51","slug":"calin-georgescu-declaratii-despre-candidatii-la-prezidentiale-ponta-ar-trebui-sa-si-cunoasca-limitele","status":"publish","type":"post","link":"https:\/\/247stiri.ro\/index.php\/2025\/02\/17\/calin-georgescu-declaratii-despre-candidatii-la-prezidentiale-ponta-ar-trebui-sa-si-cunoasca-limitele\/","title":{"rendered":"C\u0103lin Georgescu, declara\u021bii despre candida\u021bii la preziden\u021biale: \u201ePonta ar trebui s\u0103-\u0219i cunoasc\u0103 limitele!\u201d"},"content":{"rendered":"<p>\u00a0\u201ePonta ar trebui s\u0103 \u00ee\u0219i cunoasc\u0103 limitele\u201d, iar Bolojan trebuie s\u0103 vin\u0103 cu dovezi despre anularea alegerilor, <a href=\"https:\/\/www.realitatea.net\/stiri\/actual\/calin-georgescu-ultimatum-in-cinci-puncte-pentru-putere-unde-este-tezaurul-furat-in-olanda_67b0b0a75401f9537e0c1672\" target=\"_blank\">a mai spus Georgescu.\u00a0<\/a><\/p>\n<p>C\u0103lin Georgescu: \u201eDac\u0103 te ui\u021bi la Bucure\u0219ti, \u0219tii cum va ar\u0103ta \u0219i \u021bara!\u201d<\/p>\n<p>\u201e- Vreau s\u0103 v\u0103 rog s\u0103 coment\u0103m o parte dintre cei care \u0219i-au ar\u0103tat candidatura:<\/p>\n<p>&#8211; Antonescu. Este un nou Iohannis, f\u0103r\u0103 a intra \u00een am\u0103nunte dar se vede de la o po\u0219t\u0103, se schimb\u0103 \u00eentre ei, nu e prea mare zarv\u0103, la fel de important cum to\u021bi cei care s-au anun\u021bat, este vremea faptelor nu a cuvintelor. Dac\u0103 m\u0103 uit la cel care vrea s\u0103 candideze la pre\u0219edin\u021bie \u0219i este primarul actual al Bucure\u0219tiului, vede\u021bi cum arat\u0103 Bucure\u0219tiul \u0219i nu mai ai nevoie s\u0103 te g\u00e2nde\u0219ti cum poate s\u0103 arate \u021bara.\u00a0<\/p>\n<p>La fel \u0219i ceilal\u021bi care au mai fost prim mini\u0219trii, la vremea respectiv\u0103 au avut posibilitatea s\u0103 demonstreze, da, m\u0103 refer la Ponta, da.\u00a0<\/p>\n<p>Eu zic a\u0219a despre d\u00e2nsul, cred c\u0103 este bine ca \u00een via\u021b\u0103 s\u0103 \u00ee\u021bi cuno\u0219ti limitele, despre domnul Nicu\u0219or Dan, despre Antonescu v-am spus.\u00a0<\/p>\n<p>&#8211; Se zvone\u0219te c\u0103 Bolojan ar dori s\u0103 candideze la pre\u0219edin\u021bie.<\/p>\n<p>&#8211; Da, este problema d\u00e2nsului, sunt lucruri foarte concrete care sunt legate de ce am spus, institu\u021biile de for\u021b\u0103 dac\u0103 au dovezi e bine s\u0103 le aduc\u0103 \u0219i dac\u0103 nu au e bine s\u0103 zic\u0103 c\u0103 nu exist\u0103, iar CCR s\u0103 se replieze \u0219i s\u0103 decid\u0103 turul 2. Aceasta era decizia pe care el era nevoie s\u0103 o ia&#8230;pre\u0219edintele interimar Bolojan.\u201d, <a href=\"https:\/\/www.realitatea.net\/stiri\/promo-tv\/maine-ora-2100-calin-georgescu-vine-la-realitatea-plus-noul-plan-pentru-reluarea-turului-2_67b0a4cc5e914e4a2176dd5a\" target=\"_blank\">a transmis C\u0103lin Georgescu<\/a> \u00een dialog cu Anca Alexandrescu la Culisele Statului Paralel.<\/p>","protected":false},"excerpt":{"rendered":"<p>\u00a0\u201ePonta ar trebui s\u0103 \u00ee\u0219i cunoasc\u0103 limitele\u201d, iar Bolojan trebuie s\u0103 vin\u0103 cu dovezi despre&hellip;<\/p>\n","protected":false},"author":0,"featured_media":32237,"comment_status":"open","ping_status":"open","sticky":false,"template":"","format":"standard","meta":{"footnotes":""},"categories":[3],"tags":[],"class_list":["post-32236","post","type-post","status-publish","format-standard","has-post-thumbnail","hentry","category-politica"],"_links":{"self":[{"href":"https:\/\/247stiri.ro\/index.php\/wp-json\/wp\/v2\/posts\/32236","targetHints":{"allow":["GET"]}}],"collection":[{"href":"https:\/\/247stiri.ro\/index.php\/wp-json\/wp\/v2\/posts"}],"about":[{"href":"https:\/\/247stiri.ro\/index.php\/wp-json\/wp\/v2\/types\/post"}],"replies":[{"embeddable":true,"href":"https:\/\/247stiri.ro\/index.php\/wp-json\/wp\/v2\/comments?post=32236"}],"version-history":[{"count":0,"href":"https:\/\/247stiri.ro\/index.php\/wp-json\/wp\/v2\/posts\/32236\/revisions"}],"wp:featuredmedia":[{"embeddable":true,"href":"https:\/\/247stiri.ro\/index.php\/wp-json\/wp\/v2\/media\/32237"}],"wp:attachment":[{"href":"https:\/\/247stiri.ro\/index.php\/wp-json\/wp\/v2\/media?parent=32236"}],"wp:term":[{"taxonomy":"category","embeddable":true,"href":"https:\/\/247stiri.ro\/index.php\/wp-json\/wp\/v2\/categories?post=32236"},{"taxonomy":"post_tag","embeddable":true,"href":"https:\/\/247stiri.ro\/index.php\/wp-json\/wp\/v2\/tags?post=32236"}],"curies":[{"name":"wp","href":"https:\/\/api.w.org\/{rel}","templated":true}]}}