{"id":32238,"date":"2025-02-17T07:44:51","date_gmt":"2025-02-17T07:44:51","guid":{"rendered":"https:\/\/247stiri.ro\/index.php\/2025\/02\/17\/crin-antonescu-am-intrat-in-politica-de-rusine-nu-voiam-sa-raman-mult\/"},"modified":"2025-02-17T07:44:51","modified_gmt":"2025-02-17T07:44:51","slug":"crin-antonescu-am-intrat-in-politica-de-rusine-nu-voiam-sa-raman-mult","status":"publish","type":"post","link":"https:\/\/247stiri.ro\/index.php\/2025\/02\/17\/crin-antonescu-am-intrat-in-politica-de-rusine-nu-voiam-sa-raman-mult\/","title":{"rendered":"Crin Antonescu: Am intrat \u00een politic\u0103 de ru\u0219ine, nu voiam s\u0103 r\u0103m\u00e2n mult!"},"content":{"rendered":"<p>\u201eNu am intrat \u00een politic\u0103 cu g\u00e2ndul s\u0103 r\u0103m\u00e2n mult, nu am intrat cu g\u00e2ndul c\u0103 a\u0219 putea fi m\u0103car parlamentar. C\u00e2nd am venit la primul mandat, abia a\u0219teptam s\u0103 se termine. Politica te duce de pe o zi pe alta dac\u0103 nu te hot\u0103r\u0103\u0219ti, la un moment dat, s\u0103 spui stop.<\/p>\n<p>Am avut o tentativ\u0103 \u0219i am fost foarte aproape de a renun\u021ba la politic\u0103 imediat dup\u0103 1996, dup\u0103 ce Emil Constantinescu \u0219i Conven\u021bia Democratic\u0103 au c\u00e2\u0219tigat. Am spus: &#8222;Bine, \u00een fond, lucrul pentru care am intrat \u00een politic\u0103, f\u0103r\u0103 s\u0103 m\u0103 trag\u0103 foarte tare sufletul, s-a \u00eemplinit. S-a petrecut rota\u021bia democratic\u0103 \u00een Rom\u00e2nia, am sc\u0103pat de comuni\u0219ti, cum vorbeam noi atunci. A\u0219 putea s\u0103 m\u0103 \u00eentorc la ale mele&#8221;. Ale mele, care erau altele. \u00cencepusem un doctorat, \u00een fine.<\/p>\n<p>Nu am f\u0103cut-o, dar niciodat\u0103 nu mi-am imaginat chiar f\u0103c\u00e2nd politic\u0103 \u0219i nu m-a interesat, nu mi-am dorit s\u0103 ajung pe o anume func\u021bie, oric\u00e2t de sus. Faptul c\u0103 voi activa \u00eentr-un birou din Casa Poporului, enorm, dispropor\u021bionat, conceput poate chiar pentru Ceau\u0219escu, nu mi-l puteam imagina c\u00e2nd f\u0103ceam naveta pe \u0219oselele patriei, cum spune\u021bi, c\u00e2nd eram profesor la \u021bar\u0103. Eram foarte fericit atunci, chiar f\u0103c\u00e2nd naveta. Dar cele petrecute cu politica, parcursul, onorurile, nu mi le-am imaginat niciodat\u0103\u201c, a spus Crin Antonescu, ]ntr-o emisiune TV.<\/p>\n<p>Crin Antonescu a vorbit apoi despre un moment definitoriu \u0219i liberalul care l-a convins s\u0103 intre \u00een politica post-decemrbist\u0103.<\/p>\n<p>\u201eAm intrat \u00een politic\u0103 pentru c\u0103, \u00een 1990, am avut un&#8230; de ru\u0219ine, ca s\u0103 spun pe scurt. Am sim\u021bit atunci c\u0103 oamenii care au murit la Timi\u0219oara, la Bucure\u0219ti, au murit \u0219i pentru c\u0103 noi, to\u021bi ceilal\u021bi, nu am f\u0103cut nimic.<\/p>\n<p>De ru\u0219ine, pentru c\u0103 i-am spus unui om liberal frunta\u0219, Nicu St\u0103nescu, Dumnezeu s\u0103-l ierte, care era un b\u0103tr\u00e2n liberal \u0219i \u00eendemna oamenii s\u0103 se \u00eenscrie, iar eu i-am r\u0103spuns, \u00een mod stupid, c\u0103 sunt prea t\u00e2n\u0103r. S-a uitat la mine, m-a \u00eentrebat c\u00e2\u021bi ani am, \u0219i-am zis c\u0103 am aproape 30. Mi-a zis s\u0103 plec din fa\u021ba lui, c\u0103 \u00eei pierd timpul; el, la v\u00e2rsta aia, era de patru ani \u00een pu\u0219c\u0103rie, fusese lupt\u0103tor \u00een Mun\u021bii F\u0103g\u0103ra\u0219.<\/p>\n<p>\u0218i atunci am \u00eenceput. Nu cu g\u00e2ndul s\u0103 devin deputat. Eram profesor, \u00eempreun\u0103 cu al\u021bi tineri am \u00eenfiin\u021bat organiza\u021bia PNL din Tulcea \u0219i apoi lucrurile au \u00eenceput s\u0103 curg\u0103\u201c, a rememorat Crin Antonescu \u00eenceputul carierei sale politice.<\/p>","protected":false},"excerpt":{"rendered":"<p>\u201eNu am intrat \u00een politic\u0103 cu g\u00e2ndul s\u0103 r\u0103m\u00e2n mult, nu am intrat cu g\u00e2ndul&hellip;<\/p>\n","protected":false},"author":0,"featured_media":32239,"comment_status":"open","ping_status":"open","sticky":false,"template":"","format":"standard","meta":{"footnotes":""},"categories":[3],"tags":[],"class_list":["post-32238","post","type-post","status-publish","format-standard","has-post-thumbnail","hentry","category-politica"],"_links":{"self":[{"href":"https:\/\/247stiri.ro\/index.php\/wp-json\/wp\/v2\/posts\/32238","targetHints":{"allow":["GET"]}}],"collection":[{"href":"https:\/\/247stiri.ro\/index.php\/wp-json\/wp\/v2\/posts"}],"about":[{"href":"https:\/\/247stiri.ro\/index.php\/wp-json\/wp\/v2\/types\/post"}],"replies":[{"embeddable":true,"href":"https:\/\/247stiri.ro\/index.php\/wp-json\/wp\/v2\/comments?post=32238"}],"version-history":[{"count":0,"href":"https:\/\/247stiri.ro\/index.php\/wp-json\/wp\/v2\/posts\/32238\/revisions"}],"wp:featuredmedia":[{"embeddable":true,"href":"https:\/\/247stiri.ro\/index.php\/wp-json\/wp\/v2\/media\/32239"}],"wp:attachment":[{"href":"https:\/\/247stiri.ro\/index.php\/wp-json\/wp\/v2\/media?parent=32238"}],"wp:term":[{"taxonomy":"category","embeddable":true,"href":"https:\/\/247stiri.ro\/index.php\/wp-json\/wp\/v2\/categories?post=32238"},{"taxonomy":"post_tag","embeddable":true,"href":"https:\/\/247stiri.ro\/index.php\/wp-json\/wp\/v2\/tags?post=32238"}],"curies":[{"name":"wp","href":"https:\/\/api.w.org\/{rel}","templated":true}]}}