{"id":32240,"date":"2025-02-17T07:44:52","date_gmt":"2025-02-17T07:44:52","guid":{"rendered":"https:\/\/247stiri.ro\/index.php\/2025\/02\/17\/fost-premier-al-romaniei-scenariu-sumbru-se-pregateste-intens-o-primavara-europeana-tensiuni-uriase-pe-plan-extern\/"},"modified":"2025-02-17T07:44:52","modified_gmt":"2025-02-17T07:44:52","slug":"fost-premier-al-romaniei-scenariu-sumbru-se-pregateste-intens-o-primavara-europeana-tensiuni-uriase-pe-plan-extern","status":"publish","type":"post","link":"https:\/\/247stiri.ro\/index.php\/2025\/02\/17\/fost-premier-al-romaniei-scenariu-sumbru-se-pregateste-intens-o-primavara-europeana-tensiuni-uriase-pe-plan-extern\/","title":{"rendered":"Fost premier al Rom\u00e2niei, scenariu sumbru: Se preg\u0103te\u0219te intens o &#8222;prim\u0103var\u0103 european\u0103&#8221;. Tensiuni uria\u0219e pe plan extern"},"content":{"rendered":"<p>&#8222;Am sentimentul, dar s-ar putea s\u0103 m\u0103 \u00een\u0219el, c\u0103 se preg\u0103te\u0219te intens o &#8222;prim\u0103var\u0103 european\u0103&#8221;. Criticile americane la adresa \u201edemocra\u021biilor&#8221; din Europa (Germania, Rom\u00e2nia sau Marea Britanie), mi\u0219c\u0103rile din Serbia, Germania, Polonia arat\u0103 c\u0103 Europa este un creuzet unde mocnesc (\u0219i sunt stimulate) mi\u0219c\u0103ri pentru schimb\u0103ri revolu\u021bionare. Lec\u021bia de dirigen\u021bie de la Munchen a vicepre\u0219edintelui Vance pentru \u201eelevii\u201d europeni, ignorarea Europei \u00een negocierile referitoare la Ucraina dovedesc accelerarea unei formule de schimb\u0103ri politice \u00een Europa, \u00eentr-un model neo-imperialist cu trei centre de putere SUA, Rusia \u0219i China (&#8230;).<\/p>\n<p>Pare c\u0103 unii lideri europeni nu \u00een\u021beleg acest lucru \u0219i c\u0103 nu realizeaz\u0103 c\u0103 ar trebui s\u0103 se gra\u021bieze pe ei \u0219i familiile lor pentru orice fapte, inclusiv pentru cele viitoare astfel \u00eenc\u00e2t s\u0103 se \u00eencadreze \u00een noua formula de democra\u021bie atlantic\u0103 \u0219i apoi s\u0103 p\u0103r\u0103seasc\u0103 puterea&#8221;, a scris N\u0103stase \u00een postarea de pe blogul s\u0103u.\u00a0<\/p>\n<p><a href=\"https:\/\/www.realitatea.net\/stiri\/actual\/negocieri-acerbe-pentru-extinderea-formatului-conferintei-de-la-paris-pentru-a-fi-si-romania-inclusa-la-masa-marilor-ue_67b229b0c005af6a963b41d3#google_vignette\" target=\"_blank\">Negocieri acerbe pentru extinderea formatului conferin\u021bei de la Paris, pentru a fi \u0219i Romania inclus\u0103 la masa marilor UE<\/a><\/p>","protected":false},"excerpt":{"rendered":"<p>&#8222;Am sentimentul, dar s-ar putea s\u0103 m\u0103 \u00een\u0219el, c\u0103 se preg\u0103te\u0219te intens o &#8222;prim\u0103var\u0103 european\u0103&#8221;.&hellip;<\/p>\n","protected":false},"author":0,"featured_media":32241,"comment_status":"open","ping_status":"open","sticky":false,"template":"","format":"standard","meta":{"footnotes":""},"categories":[3],"tags":[],"class_list":["post-32240","post","type-post","status-publish","format-standard","has-post-thumbnail","hentry","category-politica"],"_links":{"self":[{"href":"https:\/\/247stiri.ro\/index.php\/wp-json\/wp\/v2\/posts\/32240","targetHints":{"allow":["GET"]}}],"collection":[{"href":"https:\/\/247stiri.ro\/index.php\/wp-json\/wp\/v2\/posts"}],"about":[{"href":"https:\/\/247stiri.ro\/index.php\/wp-json\/wp\/v2\/types\/post"}],"replies":[{"embeddable":true,"href":"https:\/\/247stiri.ro\/index.php\/wp-json\/wp\/v2\/comments?post=32240"}],"version-history":[{"count":0,"href":"https:\/\/247stiri.ro\/index.php\/wp-json\/wp\/v2\/posts\/32240\/revisions"}],"wp:featuredmedia":[{"embeddable":true,"href":"https:\/\/247stiri.ro\/index.php\/wp-json\/wp\/v2\/media\/32241"}],"wp:attachment":[{"href":"https:\/\/247stiri.ro\/index.php\/wp-json\/wp\/v2\/media?parent=32240"}],"wp:term":[{"taxonomy":"category","embeddable":true,"href":"https:\/\/247stiri.ro\/index.php\/wp-json\/wp\/v2\/categories?post=32240"},{"taxonomy":"post_tag","embeddable":true,"href":"https:\/\/247stiri.ro\/index.php\/wp-json\/wp\/v2\/tags?post=32240"}],"curies":[{"name":"wp","href":"https:\/\/api.w.org\/{rel}","templated":true}]}}