{"id":32243,"date":"2025-02-17T07:44:53","date_gmt":"2025-02-17T07:44:53","guid":{"rendered":"https:\/\/247stiri.ro\/index.php\/2025\/02\/17\/trafic-aerian-pe-aeroporturile-din-capitala-in-conditii-de-iarna-unele-zboruri-pot-inregistra-intarzieri-anuntul-cnab\/"},"modified":"2025-02-17T07:44:53","modified_gmt":"2025-02-17T07:44:53","slug":"trafic-aerian-pe-aeroporturile-din-capitala-in-conditii-de-iarna-unele-zboruri-pot-inregistra-intarzieri-anuntul-cnab","status":"publish","type":"post","link":"https:\/\/247stiri.ro\/index.php\/2025\/02\/17\/trafic-aerian-pe-aeroporturile-din-capitala-in-conditii-de-iarna-unele-zboruri-pot-inregistra-intarzieri-anuntul-cnab\/","title":{"rendered":"Trafic aerian pe aeroporturile din Capital\u0103, \u00een condi\u0163ii de iarn\u0103. Unele zboruri pot \u00eenregistra \u00ceNT\u00c2RZIERI: anun\u021bul CNAB"},"content":{"rendered":"<p>\u201dPe Aeroportul Interna\u0163ional Henri Coand\u0103 Bucure\u015fti \u015fi Aeroportul Interna\u0163ional Bucure\u015fti B\u0103neasa &#8211; Aurel Vlaicu traficul aerian se desf\u0103\u015foar\u0103 \u00een condi\u0163ii de iarn\u0103, dar \u00een parametri normali, conform planurilor de zbor\u201d, transmite CNAB.<\/p>\n<p>Potrivit sursei citate, pistele, platformele \u015fi c\u0103ile de rulare a aeronavelor sunt deschise \u015fi opera\u0163ionale, fiind asigurate condi\u0163iile pentru desf\u0103\u015furarea opera\u0163iunilor aeriene.\u00a0Se intervine constant cu utilajele proprii pentru men\u0163inerea suprafe\u0163ei de mi\u015fcare \u00een condi\u0163ii optime de operare.\u00a0Aeronavele aterizeaz\u0103 \u015fi decoleaz\u0103 \u00een siguran\u0163\u0103 \u015fi nicio curs\u0103 nu este anulat\u0103 din motive meteo, precizeaz\u0103 compania.\u00a0Cu toate astea, unele zboruri pot \u00eenregistra \u00eent\u00e2rzieri generate de necesitatea degivr\u0103rii aeronavelor, care se efectueaz\u0103 dup\u0103 \u00eembarcarea pasagerilor.<\/p>","protected":false},"excerpt":{"rendered":"<p>\u201dPe Aeroportul Interna\u0163ional Henri Coand\u0103 Bucure\u015fti \u015fi Aeroportul Interna\u0163ional Bucure\u015fti B\u0103neasa &#8211; Aurel Vlaicu traficul&hellip;<\/p>\n","protected":false},"author":0,"featured_media":32244,"comment_status":"open","ping_status":"open","sticky":false,"template":"","format":"standard","meta":{"footnotes":""},"categories":[2],"tags":[],"class_list":["post-32243","post","type-post","status-publish","format-standard","has-post-thumbnail","hentry","category-actual"],"_links":{"self":[{"href":"https:\/\/247stiri.ro\/index.php\/wp-json\/wp\/v2\/posts\/32243","targetHints":{"allow":["GET"]}}],"collection":[{"href":"https:\/\/247stiri.ro\/index.php\/wp-json\/wp\/v2\/posts"}],"about":[{"href":"https:\/\/247stiri.ro\/index.php\/wp-json\/wp\/v2\/types\/post"}],"replies":[{"embeddable":true,"href":"https:\/\/247stiri.ro\/index.php\/wp-json\/wp\/v2\/comments?post=32243"}],"version-history":[{"count":0,"href":"https:\/\/247stiri.ro\/index.php\/wp-json\/wp\/v2\/posts\/32243\/revisions"}],"wp:featuredmedia":[{"embeddable":true,"href":"https:\/\/247stiri.ro\/index.php\/wp-json\/wp\/v2\/media\/32244"}],"wp:attachment":[{"href":"https:\/\/247stiri.ro\/index.php\/wp-json\/wp\/v2\/media?parent=32243"}],"wp:term":[{"taxonomy":"category","embeddable":true,"href":"https:\/\/247stiri.ro\/index.php\/wp-json\/wp\/v2\/categories?post=32243"},{"taxonomy":"post_tag","embeddable":true,"href":"https:\/\/247stiri.ro\/index.php\/wp-json\/wp\/v2\/tags?post=32243"}],"curies":[{"name":"wp","href":"https:\/\/api.w.org\/{rel}","templated":true}]}}