{"id":32261,"date":"2025-02-17T08:45:26","date_gmt":"2025-02-17T08:45:26","guid":{"rendered":"https:\/\/247stiri.ro\/index.php\/2025\/02\/17\/angajatii-cfr-protest-in-fata-ministerului-transporturilor-ce-nemultumiri-au-oamenii\/"},"modified":"2025-02-17T08:45:26","modified_gmt":"2025-02-17T08:45:26","slug":"angajatii-cfr-protest-in-fata-ministerului-transporturilor-ce-nemultumiri-au-oamenii","status":"publish","type":"post","link":"https:\/\/247stiri.ro\/index.php\/2025\/02\/17\/angajatii-cfr-protest-in-fata-ministerului-transporturilor-ce-nemultumiri-au-oamenii\/","title":{"rendered":"Angaja\u021bii CFR, protest \u00een fa\u021ba Ministerului Transporturilor: ce nemul\u021bumiri au oamenii"},"content":{"rendered":"<p>Angaja\u021bii CFR C\u0103l\u0103tori au \u00eenceput s\u0103 se str\u00e2ng\u0103 luni diminea\u021b\u0103 \u00een fa\u021ba Ministerului Transporturilor pentru a protesta \u00een special \u00eempotriva Ordonan\u021bei s\u0103r\u0103ciei.\u00a0<\/p>\n<p>&#8222;Protest\u0103m ast\u0103zi \u0219i toat\u0103 s\u0103pt\u0103m\u00e2na \u00eempotriva Ordonan\u021bei trenule\u021b \u0219i \u00eempotriva planului de m\u0103suri abuziv al CFR C\u0103l\u0103tori pentru anul 2025\u00a0 care, practic, distrug CFR C\u0103l\u0103tori, operatorul de transport feroviar de stat \u0219i \u00eencepe distrugerea mobilit\u0103\u021bii rom\u00e2nilor \u0219i a transportului social din Rom\u00e2nia.\u00a0<\/p>\n<p><a href=\"https:\/\/www.realitatea.net\/stiri\/actual\/incident-feroviar-grav-in-jud-covasna-un-tren-de-calatori-a-deraiat-traficul-a-fost-oprit_67b2ea85ff2cd36dc528d302\" target=\"_blank\">Incident feroviar grav, \u00een jud. Covasna: un tren de c\u0103l\u0103tori a deraiat. Traficul a fost oprit<\/a><\/p>\n<p>Motivul pe care-l invoc\u0103 directorul general anuleaz\u0103 circa 244 de trenuri de c\u0103l\u0103tori, dintre care 200 de trenuri de trenuri de c\u0103l\u0103tori zilnice, pe motiv c\u0103 n-ar avea gradul de ocupare necesar, ceea ce duce spre faptul ca s\u0103 nu mai fie un transport social, s\u0103 fie un transport pe care nu \u0219i-l va mai permite oricine \u00een Rom\u00e2nia. Ori de c\u00e2te ori consider\u0103 directorul general \u0219i managementul CFR C\u0103l\u0103tori c\u0103 nu are gradul de ocupare necesar, vor anula din trenurile de c\u0103l\u0103tori \u0219i va mic\u0219ora mobilitatea rom\u00e2nilor. Motivul real e pentru a diminua veniturile CFR-i\u0219tilor, cum spunea directorul general, cu cira 4000 de lei pe lun\u0103 \u0219i a p\u0103stra salariul negociat \u00een anul 2023, cel care a fost \u00een 2024 \u0219i \u00een 2025 \u0219i \u00een anul 2026 \u0219i cu diminuarea continu\u0103 a veniturilor angaja\u021bilor CFR C\u0103l\u0103tori.<\/p>\n<p>Mai mult, protest\u0103m pentru tergiversarea aplic\u0103rii Articolului 28\/ 1 litera L din Legea 360\/2023 pentru c\u0103 nu se aplic\u0103 condi\u021bii de munc\u0103 speciale la cei care lucreaz\u0103 la siguran\u021ba circula\u021biei&#8221;, a declarat luni Rodrigo Maxim, lider de sindicat pentru Realitatea PLUS.\u00a0<\/p>","protected":false},"excerpt":{"rendered":"<p>Angaja\u021bii CFR C\u0103l\u0103tori au \u00eenceput s\u0103 se str\u00e2ng\u0103 luni diminea\u021b\u0103 \u00een fa\u021ba Ministerului Transporturilor pentru&hellip;<\/p>\n","protected":false},"author":0,"featured_media":32262,"comment_status":"open","ping_status":"open","sticky":false,"template":"","format":"standard","meta":{"footnotes":""},"categories":[2],"tags":[],"class_list":["post-32261","post","type-post","status-publish","format-standard","has-post-thumbnail","hentry","category-actual"],"_links":{"self":[{"href":"https:\/\/247stiri.ro\/index.php\/wp-json\/wp\/v2\/posts\/32261","targetHints":{"allow":["GET"]}}],"collection":[{"href":"https:\/\/247stiri.ro\/index.php\/wp-json\/wp\/v2\/posts"}],"about":[{"href":"https:\/\/247stiri.ro\/index.php\/wp-json\/wp\/v2\/types\/post"}],"replies":[{"embeddable":true,"href":"https:\/\/247stiri.ro\/index.php\/wp-json\/wp\/v2\/comments?post=32261"}],"version-history":[{"count":0,"href":"https:\/\/247stiri.ro\/index.php\/wp-json\/wp\/v2\/posts\/32261\/revisions"}],"wp:featuredmedia":[{"embeddable":true,"href":"https:\/\/247stiri.ro\/index.php\/wp-json\/wp\/v2\/media\/32262"}],"wp:attachment":[{"href":"https:\/\/247stiri.ro\/index.php\/wp-json\/wp\/v2\/media?parent=32261"}],"wp:term":[{"taxonomy":"category","embeddable":true,"href":"https:\/\/247stiri.ro\/index.php\/wp-json\/wp\/v2\/categories?post=32261"},{"taxonomy":"post_tag","embeddable":true,"href":"https:\/\/247stiri.ro\/index.php\/wp-json\/wp\/v2\/tags?post=32261"}],"curies":[{"name":"wp","href":"https:\/\/api.w.org\/{rel}","templated":true}]}}