{"id":32265,"date":"2025-02-17T08:45:27","date_gmt":"2025-02-17T08:45:27","guid":{"rendered":"https:\/\/247stiri.ro\/index.php\/2025\/02\/17\/incident-feroviar-grav-in-jud-covasna-un-tren-de-calatori-a-deraiat-traficul-a-fost-oprit\/"},"modified":"2025-02-17T08:45:27","modified_gmt":"2025-02-17T08:45:27","slug":"incident-feroviar-grav-in-jud-covasna-un-tren-de-calatori-a-deraiat-traficul-a-fost-oprit","status":"publish","type":"post","link":"https:\/\/247stiri.ro\/index.php\/2025\/02\/17\/incident-feroviar-grav-in-jud-covasna-un-tren-de-calatori-a-deraiat-traficul-a-fost-oprit\/","title":{"rendered":"Incident feroviar grav, \u00een jud. Covasna: un tren de c\u0103l\u0103tori a deraiat. Traficul a fost oprit"},"content":{"rendered":"<p>\u201dCompania Na\u0163ional\u0103 de C\u0103i Ferate \u00abCFR\u00bb SA informeaz\u0103 c\u0103, \u00een jurul orei 08:20, pe raza teritorial\u0103 a Sucursalei Regionale de C\u0103i Ferate Bra\u015fov, trenul R 4504, remorcat cu locomotiva EA 770, apar\u0163in\u00e2nd operatorului na\u0163ional de transport feroviar c\u0103l\u0103tori Societatea Na\u0163ional\u0103 de Transport Feroviar C\u0103l\u0103tori \u00abCFR C\u0103l\u0103tori\u00bb SA, a deraiat de la primul boghiu al primului vagon \u00eentre sta\u0163iile M\u0103lna\u015f B\u0103i \u015fi Bicsadu Oltului, la km 56+900, pe linie simpl\u0103 electrificat\u0103.<\/p>\n<p>La fa\u0163a locului s-au deplasat echipele de interven\u0163ie din cadrul Sucursalei Regionale de C\u0103i Ferate Bra\u015fov, care lucreaz\u0103 pentru remedierea situa\u0163iei\u201d, au transmis reprezentan\u0163ii CFR SA.<\/p>\n<p>Ei au ad\u0103ugat c\u0103 personalul feroviar al Sucursalei Regionale de C\u0103i Ferate Bra\u015fov va acorda sprijin tehnic operatorilor de transport \u00een vederea remedierii situa\u0163iei \u015fi relu\u0103rii circula\u0163iei \u00een condi\u0163ii de siguran\u0163\u0103.<\/p>\n<p>Nu a fost pus\u0103 \u00een pericol siguran\u021ba c\u0103l\u0103torilor sau a personalului feroviar.<\/p>\n<p>Din cauza acestui incident este afectat \u015fi trenul IR 12366 , care sta\u0163ioneaz\u0103 temporar \u00een sta\u0163ia Sf\u00e2ntu Gheorghe.<\/p>","protected":false},"excerpt":{"rendered":"<p>\u201dCompania Na\u0163ional\u0103 de C\u0103i Ferate \u00abCFR\u00bb SA informeaz\u0103 c\u0103, \u00een jurul orei 08:20, pe raza&hellip;<\/p>\n","protected":false},"author":0,"featured_media":32251,"comment_status":"open","ping_status":"open","sticky":false,"template":"","format":"standard","meta":{"footnotes":""},"categories":[2],"tags":[],"class_list":["post-32265","post","type-post","status-publish","format-standard","has-post-thumbnail","hentry","category-actual"],"_links":{"self":[{"href":"https:\/\/247stiri.ro\/index.php\/wp-json\/wp\/v2\/posts\/32265","targetHints":{"allow":["GET"]}}],"collection":[{"href":"https:\/\/247stiri.ro\/index.php\/wp-json\/wp\/v2\/posts"}],"about":[{"href":"https:\/\/247stiri.ro\/index.php\/wp-json\/wp\/v2\/types\/post"}],"replies":[{"embeddable":true,"href":"https:\/\/247stiri.ro\/index.php\/wp-json\/wp\/v2\/comments?post=32265"}],"version-history":[{"count":0,"href":"https:\/\/247stiri.ro\/index.php\/wp-json\/wp\/v2\/posts\/32265\/revisions"}],"wp:featuredmedia":[{"embeddable":true,"href":"https:\/\/247stiri.ro\/index.php\/wp-json\/wp\/v2\/media\/32251"}],"wp:attachment":[{"href":"https:\/\/247stiri.ro\/index.php\/wp-json\/wp\/v2\/media?parent=32265"}],"wp:term":[{"taxonomy":"category","embeddable":true,"href":"https:\/\/247stiri.ro\/index.php\/wp-json\/wp\/v2\/categories?post=32265"},{"taxonomy":"post_tag","embeddable":true,"href":"https:\/\/247stiri.ro\/index.php\/wp-json\/wp\/v2\/tags?post=32265"}],"curies":[{"name":"wp","href":"https:\/\/api.w.org\/{rel}","templated":true}]}}