{"id":32271,"date":"2025-02-17T09:45:08","date_gmt":"2025-02-17T09:45:08","guid":{"rendered":"https:\/\/247stiri.ro\/index.php\/2025\/02\/17\/gafa-colosala-ambasada-romaniei-se-mandreste-cu-ciorbele-si-l-ignora-pe-vance\/"},"modified":"2025-02-17T09:45:08","modified_gmt":"2025-02-17T09:45:08","slug":"gafa-colosala-ambasada-romaniei-se-mandreste-cu-ciorbele-si-l-ignora-pe-vance","status":"publish","type":"post","link":"https:\/\/247stiri.ro\/index.php\/2025\/02\/17\/gafa-colosala-ambasada-romaniei-se-mandreste-cu-ciorbele-si-l-ignora-pe-vance\/","title":{"rendered":"Gaf\u0103 colosal\u0103: Ambasada Rom\u00e2niei se m\u00e2ndre\u0219te cu ciorbele \u0219i-l ignor\u0103 pe Vance"},"content":{"rendered":"<p>Americanii \u0219terg pe jos cu noi. Ambasadorul posteaz\u0103 ciorbe<\/p>\n<p>Asta dup\u0103 ce <a href=\"https:\/\/www.realitatea.net\/stiri\/actual\/catalin-predoiu-reactie-la-acuzele-lui-jd-vance-statul-roman-sa-faca-mai-mult-pentru-a-explica-ce-sa-intamplat-la-alegeri_67b08fd0e3ce5f6b365fdf72\" target=\"_blank\">vicepre\u0219edintele american<\/a> a declarat c\u0103 Rom\u00e2nia nu se mai poate numi democra\u021bie dup\u0103 ce a anulat alegerile.<\/p>\n<p>\u00a0Postarea cu topul supelor a adus revolt\u0103 \u00een r\u00e2ndul rom\u00e2nilor de pe internet, care <a href=\"https:\/\/www.realitatea.net\/stiri\/actual\/calin-georgescu-a-anticipat-mesajul-americanilor-in-urma-cu-trei-saptamani-vance-joaca-un-rol-foarte-important-viitorul-va-demonstra-ce-va-spun-acum_67b043c1e9e06a3d296c2493\" target=\"_blank\">l-au criticat dur pe ambasador.\u00a0<\/a><\/p>\n<p>Iat\u0103 \u0219i c\u00e2teva comentarii: \u201eNu v\u0103 e un pic ru\u0219ine? Se \u00eemparte lumea, Europa \u0219i vou\u0103 v\u0103 arde de ciorbe?\u201d, \u201eDomnule ambasador, eu cred totu\u0219i c\u0103 Rom\u00e2nia \u0219i rom\u00e2nii merit\u0103 mai mult\u0103 seriozitate \u0219i profesionalism, inclusiv \u00een reprezentarea \u0219i imaginea extern\u0103\u201d \u0219i \u201e\u0218ti\u021bi cumva ce se \u00eent\u00e2mpl\u0103 la Munchen sau sunte\u021bi \u00een drum spre Rom\u00e2nia cu demisia \u00een m\u00e2n\u0103\u201d.\u00a0<\/p>","protected":false},"excerpt":{"rendered":"<p>Americanii \u0219terg pe jos cu noi. Ambasadorul posteaz\u0103 ciorbe Asta dup\u0103 ce vicepre\u0219edintele american a&hellip;<\/p>\n","protected":false},"author":0,"featured_media":32272,"comment_status":"open","ping_status":"open","sticky":false,"template":"","format":"standard","meta":{"footnotes":""},"categories":[2],"tags":[],"class_list":["post-32271","post","type-post","status-publish","format-standard","has-post-thumbnail","hentry","category-actual"],"_links":{"self":[{"href":"https:\/\/247stiri.ro\/index.php\/wp-json\/wp\/v2\/posts\/32271","targetHints":{"allow":["GET"]}}],"collection":[{"href":"https:\/\/247stiri.ro\/index.php\/wp-json\/wp\/v2\/posts"}],"about":[{"href":"https:\/\/247stiri.ro\/index.php\/wp-json\/wp\/v2\/types\/post"}],"replies":[{"embeddable":true,"href":"https:\/\/247stiri.ro\/index.php\/wp-json\/wp\/v2\/comments?post=32271"}],"version-history":[{"count":0,"href":"https:\/\/247stiri.ro\/index.php\/wp-json\/wp\/v2\/posts\/32271\/revisions"}],"wp:featuredmedia":[{"embeddable":true,"href":"https:\/\/247stiri.ro\/index.php\/wp-json\/wp\/v2\/media\/32272"}],"wp:attachment":[{"href":"https:\/\/247stiri.ro\/index.php\/wp-json\/wp\/v2\/media?parent=32271"}],"wp:term":[{"taxonomy":"category","embeddable":true,"href":"https:\/\/247stiri.ro\/index.php\/wp-json\/wp\/v2\/categories?post=32271"},{"taxonomy":"post_tag","embeddable":true,"href":"https:\/\/247stiri.ro\/index.php\/wp-json\/wp\/v2\/tags?post=32271"}],"curies":[{"name":"wp","href":"https:\/\/api.w.org\/{rel}","templated":true}]}}