{"id":32276,"date":"2025-02-17T09:45:10","date_gmt":"2025-02-17T09:45:10","guid":{"rendered":"https:\/\/247stiri.ro\/index.php\/2025\/02\/17\/doliu-in-lumea-aristocratiei-proprietara-castelui-banffy-de-la-bontida-a-decedat\/"},"modified":"2025-02-17T09:45:10","modified_gmt":"2025-02-17T09:45:10","slug":"doliu-in-lumea-aristocratiei-proprietara-castelui-banffy-de-la-bontida-a-decedat","status":"publish","type":"post","link":"https:\/\/247stiri.ro\/index.php\/2025\/02\/17\/doliu-in-lumea-aristocratiei-proprietara-castelui-banffy-de-la-bontida-a-decedat\/","title":{"rendered":"Doliu \u00een lumea aristocra\u021biei: proprietara Castelui Banffy de la Bon\u021bida a decedat"},"content":{"rendered":"<p>O via\u021b\u0103 dedicat\u0103 mo\u0219tenirii familiei<\/p>\n<p>N\u0103scut\u0103 la 5 iunie 1924 la Budapesta, Katalin B\u00e1nffy era fiica scriitorului \u0219i fostului ministru de externe ungar Mikl\u00f3s B\u00e1nffy. Bunicul ei, Gy\u00f6rgy B\u00e1nffy, a fost deputat, iar str\u0103bunicul s\u0103u, Mikl\u00f3s B\u00e1nffy, a primit titlul de conte \u00een 1880.<\/p>\n<p><a href=\"https:\/\/www.realitatea.net\/stiri\/actual\/doliu-in-presa-din-romania-a-murit-un-cunoscut-jurnalist-avea-un-condei-inconfundabil-si-sia-slujit-pana-in-ultima-zi-profesia_67b23f2f0095180930729e80\" target=\"_blank\">Dup\u0103 ce s-a c\u0103s\u0103torit<\/a> cu Ted Jelen \u00een 1946, contesa a avut trei copii: Elisabeth, Nicolette \u0219i David. \u00cen ultimii ani, a locuit \u00een Tanger, Maroc, unde s-a ocupat de mo\u0219tenirea literar\u0103 a tat\u0103lui s\u0103u. \u00cen 2014, \u0219i-a publicat memoriile sub titlul \u201eC\u00e2ntec din via\u021b\u0103\u201d.<\/p>\n<p>Castelul B\u00e1nffy, simbol al istoriei transilv\u0103nene<\/p>\n<p>Castelul B\u00e1nffy de la Bon\u021bida, supranumit \u201eVersailles-ul Transilvaniei\u201d, a fost ultimul locuit de tat\u0103l contesei, contele Mikl\u00f3s B\u00e1nffy. Acesta a fost nevoit s\u0103 \u00eel p\u0103r\u0103seasc\u0103 \u00een 1944 pentru a sc\u0103pa de ocupa\u021bia german\u0103. Retragerea trupelor naziste a dus la devastarea castelului, fiind jefuit \u0219i incendiat. Dup\u0103 na\u021bionalizare, utilizarea improprie a accelerat degradarea monumentului.<\/p>\n<p>Restaurarea sa a fost posibil\u0103 datorit\u0103 unui acord semnat \u00een 1999 \u00eentre Ministerul Culturii din Rom\u00e2nia \u0219i Ministerul Patrimoniului Cultural Na\u021bional din Ungaria. Din 2001, castelul este administrat de Funda\u021bia Transylvania Trust, iar din 2008 a revenit \u00een proprietatea familiei B\u00e1nffy.<\/p>\n<p>Ast\u0103zi, castelul func\u021bioneaz\u0103 ca centru educa\u021bional \u0219i cultural, atr\u0103g\u00e2nd anual peste 50.000 de vizitatori. G\u0103zduie\u0219te numeroase evenimente culturale \u0219i festivalul Electric Castle, devenind un simbol al patrimoniului transilv\u0103nean.<\/p>\n<p>\u201eAnul trecut, i-am s\u0103rb\u0103torit \u00eempreun\u0103 cea de-a 100-a aniversare. Ne-a \u00eencredin\u021bat castelul c\u00e2nd eram tineri \u0219i ne-a sus\u021binut mereu\u201d, a declarat Csilla Heged\u00fcs.<\/p>\n<p>Prin dispari\u021bia contesei Katalin B\u00e1nffy, se \u00eencheie un capitol important din istoria aristocra\u021biei transilv\u0103nene, dar mo\u0219tenirea sa va d\u0103inui prin monumentul pe care<a href=\"https:\/\/www.realitatea.net\/stiri\/sport\/doliu-in-lumea-sportiva-un-presedinte-al-unui-club-renumit-de-fotbal-a-murit_67b1c6b2036fdb39927f5102\" target=\"_blank\"> l-a protejat \u0219i promovat de-a lungul vie\u021bii sale.<\/a><\/p>\n\n<p>\u00a0\u00a0 \u00a0 \u00a0 \u00a0A murit proprietara Castelului Banffy \/ Sursa foto &#8211; Arhiv\u0103<\/p>","protected":false},"excerpt":{"rendered":"<p>O via\u021b\u0103 dedicat\u0103 mo\u0219tenirii familiei N\u0103scut\u0103 la 5 iunie 1924 la Budapesta, Katalin B\u00e1nffy era&hellip;<\/p>\n","protected":false},"author":0,"featured_media":32277,"comment_status":"open","ping_status":"open","sticky":false,"template":"","format":"standard","meta":{"footnotes":""},"categories":[2],"tags":[],"class_list":["post-32276","post","type-post","status-publish","format-standard","has-post-thumbnail","hentry","category-actual"],"_links":{"self":[{"href":"https:\/\/247stiri.ro\/index.php\/wp-json\/wp\/v2\/posts\/32276","targetHints":{"allow":["GET"]}}],"collection":[{"href":"https:\/\/247stiri.ro\/index.php\/wp-json\/wp\/v2\/posts"}],"about":[{"href":"https:\/\/247stiri.ro\/index.php\/wp-json\/wp\/v2\/types\/post"}],"replies":[{"embeddable":true,"href":"https:\/\/247stiri.ro\/index.php\/wp-json\/wp\/v2\/comments?post=32276"}],"version-history":[{"count":0,"href":"https:\/\/247stiri.ro\/index.php\/wp-json\/wp\/v2\/posts\/32276\/revisions"}],"wp:featuredmedia":[{"embeddable":true,"href":"https:\/\/247stiri.ro\/index.php\/wp-json\/wp\/v2\/media\/32277"}],"wp:attachment":[{"href":"https:\/\/247stiri.ro\/index.php\/wp-json\/wp\/v2\/media?parent=32276"}],"wp:term":[{"taxonomy":"category","embeddable":true,"href":"https:\/\/247stiri.ro\/index.php\/wp-json\/wp\/v2\/categories?post=32276"},{"taxonomy":"post_tag","embeddable":true,"href":"https:\/\/247stiri.ro\/index.php\/wp-json\/wp\/v2\/tags?post=32276"}],"curies":[{"name":"wp","href":"https:\/\/api.w.org\/{rel}","templated":true}]}}