{"id":32283,"date":"2025-02-17T09:45:13","date_gmt":"2025-02-17T09:45:13","guid":{"rendered":"https:\/\/247stiri.ro\/index.php\/2025\/02\/17\/perchezitii-maraton-in-dosarul-conflictului-de-la-urziceni-11-persoane-duse-la-audieri\/"},"modified":"2025-02-17T09:45:13","modified_gmt":"2025-02-17T09:45:13","slug":"perchezitii-maraton-in-dosarul-conflictului-de-la-urziceni-11-persoane-duse-la-audieri","status":"publish","type":"post","link":"https:\/\/247stiri.ro\/index.php\/2025\/02\/17\/perchezitii-maraton-in-dosarul-conflictului-de-la-urziceni-11-persoane-duse-la-audieri\/","title":{"rendered":"Perchezi\u021bii maraton \u00een dosarul conflictului de la Urziceni: 11 persoane, duse la audieri"},"content":{"rendered":"<p>\u201d\u00cen aceast\u0103 diminea\u0163\u0103, poli\u0163i\u015ftii Direc\u0163iei de Investiga\u0163ii Criminale din cadrul Inspectoratului General al Poli\u0163iei Rom\u00e2ne, sub coordonarea Parchetului de pe l\u00e2ng\u0103 Curtea de Apel Bucure\u015fti, efectueaz\u0103 25 de perchezi\u0163ii, \u00een jude\u0163ele Ialomi\u0163a, Prahova, Ilfov \u015fi Teleorman, fiind vizate 15 persoane cercetate pentru tulburarea ordinii \u015fi lini\u015ftii publice \u015fi \u00eenc\u0103ierare. P\u00e2n\u0103 la acest moment, au fost identificate 11 persoane, care sunt conduse la audieri\u201d, au anun\u0163at reprezentan\u021bii IGPR.\u00a0Ac\u021biunea a implicat mobilizarea masiv\u0103 a unor for\u021be de ordine \u0219i interven\u021bie, \u0219i aici vorbim despre 200 de poli\u0163i\u015fti \u015fi anume speciali\u015fti ai Direc\u0163iei Opera\u0163iuni Speciale, lupt\u0103tori ai Serviciului pentru Interven\u0163ii \u015fi Ac\u0163iuni Speciale, poli\u0163i\u015fti din cadrul Direc\u0163iei Generale de Poli\u0163ie a Municipiului Bucure\u015fti, inspectoratelor de poli\u0163ie jude\u0163ene Ialomi\u0163a, Prahova, Teleorman, Ilfov, lupt\u0103tori ai Serviciului pentru Ac\u0163iuni Speciale Ialomi\u0163a, precum \u015fi 140 de jandarmi din cadrul Brig\u0103zii Speciale de Interven\u0163ie a Jandarmeriei \u015fi inspectoratelor de jandarmi jude\u0163ene Ialomi\u0163a \u015fi Constan\u0163a.\u00a0IGPR reaminte\u015fte c\u0103, la data de 10 februarie 2025, Poli\u0163ia Rom\u00e2n\u0103, sub coordonarea Parchetului de pe l\u00e2ng\u0103 Curtea de Apel Bucure\u015fti, a efectuat 15 perchezi\u0163ii domiciliare, \u00een cauza penal\u0103 \u00eenregistrat\u0103 privind conflictul din Urziceni, jude\u0163ul Ialomi\u0163a.\u00a0\u201d\u00cen urma acestora, au fost depistate \u015fi duse la sediul unit\u0103\u0163ii de parchet, pentru audieri, 5 persoane, fiind descoperite mai multe bunuri de interes \u00een cauz\u0103\u201d, precizeaz\u0103 IGPR.<\/p>\n<p><a href=\"https:\/\/www.realitatea.net\/stiri\/actual\/filtre-in-4-judete-dupa-razboiul-din-strada-doi-morti-intro-rafuiala-intre-clanuri-interlope-langa-capitala-motivul-tulburator-din-spatele-macelului_67a99246b0c2a0752e38e856\" target=\"_blank\">Filtre \u00een 4 jude\u021be, dup\u0103 r\u0103zboiul din strad\u0103. Doi mor\u021bi, \u00eentr-o r\u0103fuial\u0103 \u00eentre clanuri interlope, l\u00e2ng\u0103 Capital\u0103. Motivul tulbur\u0103tor din spatele m\u0103celului<\/a><\/p>\n<p>Reprezentan\u0163ii Parchetului de pe l\u00e2ng\u0103 Curtea de Apel Bucure\u015fti au anun\u0163at, mar\u0163i, c\u0103 procurorii au deschis urm\u0103rirea penal\u0103 fa\u0163\u0103 de 16 inculpa\u0163i \u015fi nou\u0103 suspec\u0163i, cu privire la s\u0103v\u00e2r\u015firea infrac\u0163iunilor de omor calificat, \u00eencaierare, tulburarea ordinii \u015fi lini\u015ftii publice, nerespectarea regimului armelor \u015fi al muni\u0163iilor, uz de arm\u0103 f\u0103r\u0103 drept, tentativ\u0103 de omor calificat.<\/p>\n<p>\u00a0\u201d\u00cen fapt, la 08.02.2025, \u00een jurul orei 17:00, pe fondul unei st\u0103ri tensionate preexistente \u00eentre membrii a dou\u0103 familii din jude\u0163ul Prahova, respectiv jude\u0163ul Ialomi\u0163a, cele dou\u0103 grupuri (aproximativ 50 de membri ai celor dou\u0103 familii) au \u00eenceput o \u00eenc\u0103ierare pe str\u0103zile din municipiul Urziceni, fiind folosite de c\u0103tre ace\u015ftia, f\u0103r\u0103 drept, arme de foc c\u00e2t \u015fi diverse obiecte contondente. Ocazie cu care au fost executate mai multe focuri de arm\u0103, fapt ce a condus la decesul a 2 persoane, dar \u015fi r\u0103nirea altora\u201d, au afirmat procurorii.<\/p>\n<p>15 persoane au fost re\u0163inute, printre acestea inclusiv autorul infrac\u0163iunii de omor calificat, urm\u00e2nd s\u0103 fie prezentate Tribunalului Bucure\u015fti cu propunere de arestare preventiv\u0103.\u00a0<\/p>\n<p>De asemenea, cu privire la o alt\u0103 persoan\u0103 care se sustrage de la urm\u0103rirea penal\u0103 a fost de asemenea formulat\u0103 propunere de arestare preventiv\u0103 \u00een lips\u0103.<\/p>","protected":false},"excerpt":{"rendered":"<p>\u201d\u00cen aceast\u0103 diminea\u0163\u0103, poli\u0163i\u015ftii Direc\u0163iei de Investiga\u0163ii Criminale din cadrul Inspectoratului General al Poli\u0163iei Rom\u00e2ne,&hellip;<\/p>\n","protected":false},"author":0,"featured_media":32284,"comment_status":"open","ping_status":"open","sticky":false,"template":"","format":"standard","meta":{"footnotes":""},"categories":[2],"tags":[],"class_list":["post-32283","post","type-post","status-publish","format-standard","has-post-thumbnail","hentry","category-actual"],"_links":{"self":[{"href":"https:\/\/247stiri.ro\/index.php\/wp-json\/wp\/v2\/posts\/32283","targetHints":{"allow":["GET"]}}],"collection":[{"href":"https:\/\/247stiri.ro\/index.php\/wp-json\/wp\/v2\/posts"}],"about":[{"href":"https:\/\/247stiri.ro\/index.php\/wp-json\/wp\/v2\/types\/post"}],"replies":[{"embeddable":true,"href":"https:\/\/247stiri.ro\/index.php\/wp-json\/wp\/v2\/comments?post=32283"}],"version-history":[{"count":0,"href":"https:\/\/247stiri.ro\/index.php\/wp-json\/wp\/v2\/posts\/32283\/revisions"}],"wp:featuredmedia":[{"embeddable":true,"href":"https:\/\/247stiri.ro\/index.php\/wp-json\/wp\/v2\/media\/32284"}],"wp:attachment":[{"href":"https:\/\/247stiri.ro\/index.php\/wp-json\/wp\/v2\/media?parent=32283"}],"wp:term":[{"taxonomy":"category","embeddable":true,"href":"https:\/\/247stiri.ro\/index.php\/wp-json\/wp\/v2\/categories?post=32283"},{"taxonomy":"post_tag","embeddable":true,"href":"https:\/\/247stiri.ro\/index.php\/wp-json\/wp\/v2\/tags?post=32283"}],"curies":[{"name":"wp","href":"https:\/\/api.w.org\/{rel}","templated":true}]}}