{"id":32304,"date":"2025-02-17T11:45:49","date_gmt":"2025-02-17T11:45:49","guid":{"rendered":"https:\/\/247stiri.ro\/index.php\/2025\/02\/17\/intalnire-cruciala-rusia-sua-la-riad-in-arabia-saudita-pe-agenda-discutiilor-inclusiv-pacea-din-ucraina-putin-nu-merge-cine-il-va-reprezenta\/"},"modified":"2025-02-17T11:45:49","modified_gmt":"2025-02-17T11:45:49","slug":"intalnire-cruciala-rusia-sua-la-riad-in-arabia-saudita-pe-agenda-discutiilor-inclusiv-pacea-din-ucraina-putin-nu-merge-cine-il-va-reprezenta","status":"publish","type":"post","link":"https:\/\/247stiri.ro\/index.php\/2025\/02\/17\/intalnire-cruciala-rusia-sua-la-riad-in-arabia-saudita-pe-agenda-discutiilor-inclusiv-pacea-din-ucraina-putin-nu-merge-cine-il-va-reprezenta\/","title":{"rendered":"\u00cent\u00e2lnire crucial\u0103 Rusia-SUA la Riad, \u00een Arabia Saudit\u0103: pe agenda discu\u021biilor, inclusiv PACEA din Ucraina. Putin NU merge: cine \u00eel va reprezenta"},"content":{"rendered":"<p>UPDATE<\/p>\n<p>\u00cent\u00e2lnirea a fost confirmat\u0103 \u0219i de Washington.\u00a0Secretarul de Stat Marco Rubio, consilierul \u00een probleme de securitate na\u0163ional\u0103 al pre\u015fedintelui american Donald Trump, Mike Waltz, \u015fi emisarul special pentru Orientul Mijlociu Steve Witkoff urmeaz\u0103 s\u0103 reprezinte Statele Unite la \u00eent\u00e2lnirea de la Riad, anun\u0163\u0103 Departamentul de Stat american, potrivit AFP.<\/p>\n<p>Cei trei oficiali de rang \u00eenalt americani \u201dse vor \u00eent\u00e2lni cu delega\u0163ia rus\u0103 la Riad, mar\u0163i\u201d, a anun\u0163at purt\u0103troarea de cuv\u00e2nt a Departamentului de Stat, Tammy Bruce.<\/p>\n<p>\u0218TIREA INI\u021aIAL\u0102<\/p>\n<p>Din ordinul pre\u0219edintelui rus Vladimir Putin, Rusia va fi reprezentat\u0103 de ministrul de externe, Serghei Lavrov, \u0219i de consilierul pe probleme de politic\u0103 extern\u0103 al Kremlinului, Iuri U\u0219akov, a ar\u0103tat Dmitri Peskov, purt\u0103torul de cuv\u00e2nt al Kremlinului, \u00een conferin\u021ba de pres\u0103 telefonic\u0103 zilnic\u0103.<\/p>\n<p>Lavrov \u0219i U\u0219akov vor zbura spre Riad luni, a ad\u0103ugat Peskov.<\/p>\n<p>Purt\u0103torul de cuv\u00e2nt al pre\u0219edin\u021biei ruse a refuzat s\u0103 comenteze atunci c\u00e2nd a fost \u00eentrebat dac\u0103 Putin \u0219i omologul s\u0103u american Donald Trump se vor \u00eent\u00e2lni fa\u021b\u0103 \u00een fa\u021b\u0103 \u00een Arabia Saudit\u0103 mai t\u00e2rziu \u00een aceast\u0103 lun\u0103.<\/p>","protected":false},"excerpt":{"rendered":"<p>UPDATE \u00cent\u00e2lnirea a fost confirmat\u0103 \u0219i de Washington.\u00a0Secretarul de Stat Marco Rubio, consilierul \u00een probleme&hellip;<\/p>\n","protected":false},"author":0,"featured_media":32305,"comment_status":"open","ping_status":"open","sticky":false,"template":"","format":"standard","meta":{"footnotes":""},"categories":[4],"tags":[],"class_list":["post-32304","post","type-post","status-publish","format-standard","has-post-thumbnail","hentry","category-extern"],"_links":{"self":[{"href":"https:\/\/247stiri.ro\/index.php\/wp-json\/wp\/v2\/posts\/32304","targetHints":{"allow":["GET"]}}],"collection":[{"href":"https:\/\/247stiri.ro\/index.php\/wp-json\/wp\/v2\/posts"}],"about":[{"href":"https:\/\/247stiri.ro\/index.php\/wp-json\/wp\/v2\/types\/post"}],"replies":[{"embeddable":true,"href":"https:\/\/247stiri.ro\/index.php\/wp-json\/wp\/v2\/comments?post=32304"}],"version-history":[{"count":0,"href":"https:\/\/247stiri.ro\/index.php\/wp-json\/wp\/v2\/posts\/32304\/revisions"}],"wp:featuredmedia":[{"embeddable":true,"href":"https:\/\/247stiri.ro\/index.php\/wp-json\/wp\/v2\/media\/32305"}],"wp:attachment":[{"href":"https:\/\/247stiri.ro\/index.php\/wp-json\/wp\/v2\/media?parent=32304"}],"wp:term":[{"taxonomy":"category","embeddable":true,"href":"https:\/\/247stiri.ro\/index.php\/wp-json\/wp\/v2\/categories?post=32304"},{"taxonomy":"post_tag","embeddable":true,"href":"https:\/\/247stiri.ro\/index.php\/wp-json\/wp\/v2\/tags?post=32304"}],"curies":[{"name":"wp","href":"https:\/\/api.w.org\/{rel}","templated":true}]}}