{"id":32313,"date":"2025-02-17T11:45:53","date_gmt":"2025-02-17T11:45:53","guid":{"rendered":"https:\/\/247stiri.ro\/index.php\/2025\/02\/17\/cristian-este-victima-atacului-sangeros-din-dolj-a-murit-la-32-de-ani-dupa-ce-a-fost-injunghiat-de-fostul-sot-al-iubitei-sale-din-gelozie\/"},"modified":"2025-02-17T11:45:53","modified_gmt":"2025-02-17T11:45:53","slug":"cristian-este-victima-atacului-sangeros-din-dolj-a-murit-la-32-de-ani-dupa-ce-a-fost-injunghiat-de-fostul-sot-al-iubitei-sale-din-gelozie","status":"publish","type":"post","link":"https:\/\/247stiri.ro\/index.php\/2025\/02\/17\/cristian-este-victima-atacului-sangeros-din-dolj-a-murit-la-32-de-ani-dupa-ce-a-fost-injunghiat-de-fostul-sot-al-iubitei-sale-din-gelozie\/","title":{"rendered":"Cristian este victima atacului s\u00e2ngeros din Dolj. A murit la 32 de ani dup\u0103 ce a fost \u00eenjunghiat de fostul so\u021b al iubitei sale, din gelozie"},"content":{"rendered":"<p>Un atac premeditat<\/p>\n<p><a href=\"https:\/\/www.realitatea.net\/stiri\/actual\/atac-violent-intro-locuinta-din-dolj-un-barbat-a-fost-ucis-iar-alte-doua-persoane-au-fost-ranite_67b0e178e304061f47728b42\" target=\"_blank\">Incidentul s-a petrecut s\u00e2mb\u0103t\u0103,<\/a> 15 februarie 2025, \u00een jurul pr\u00e2nzului, c\u00e2nd agresorul, cunoscut sub numele de Bebe, un b\u0103rbat de 34 de ani, a p\u0103truns cu for\u021ba \u00eentr-o locuin\u021b\u0103 din Dolj. \u00cen cas\u0103 se aflau fosta sa so\u021bie, iubitul acesteia \u2013 Cristian, p\u0103rin\u021bii vitregi ai t\u00e2n\u0103rului \u0219i mama femeii.<\/p>\n<p>Potrivit martorilor, Bebe nu a acceptat desp\u0103r\u021birea de so\u021bia sa, care decisese s\u0103-\u0219i refac\u0103 via\u021ba al\u0103turi de Cristian. Gelozia l-a \u00eempins s\u0103 pun\u0103 la cale un atac s\u00e2ngeros, \u00eenarmat cu un cu\u021bit.<\/p>\n<p>Cristian, originar din Hinova, Mehedin\u021bi, nu a avut nicio \u0219ans\u0103 \u00een fa\u021ba agresorului. De\u0219i a \u00eencercat s\u0103 fug\u0103 printr-o fereastr\u0103, o pies\u0103 de mobilier l-a \u00eempiedicat, iar criminalul l-a prins \u0219i l-a \u00eenjunghiat mortal.<\/p>\n<p>\u201eGeamul pe care a vrut s\u0103 ias\u0103 b\u0103iatul era blocat de o mobil\u0103. A \u00eencercat s\u0103 scape, dar nu a mai avut nicio \u0219ans\u0103\u201d, a povestit o vecin\u0103, martor\u0103 la tragedie.<\/p>\n<p>Iubita lui Cristian a reu\u0219it s\u0103 fug\u0103 pe un alt geam, sc\u0103p\u00e2nd astfel din calea atacatorului.<\/p>\n<p>Un act de violen\u021b\u0103 care a zguduit comunitatea<\/p>\n<p><a href=\"https:\/\/www.realitatea.net\/stiri\/actual\/incident-grav-in-dolj-un-barbat-de-45-de-ani-a-fost-injunghiat-de-propriul-fiu-care-este-starea-de-sanatate-a-victimei_67ada984709b39391c1a94f2\" target=\"_blank\">Vecinii \u0219i apropia\u021bii<\/a> sunt \u00eengrozi\u021bi de ceea ce s-a \u00eent\u00e2mplat. Oamenii spun c\u0103 Bebe \u00ee\u0219i amenin\u021base fosta so\u021bie de mai multe ori \u0219i c\u0103 gelozia l-a transformat \u00eentr-un criminal.<\/p>\n<p>\u201eA luat-o pe fosta so\u021bie de m\u00e2n\u0103, i-a f\u0103cut bagajul \u0219i a scos-o afar\u0103 din curte. O amenin\u021ba c\u0103 o va omor\u00ee \u0219i pe ea, \u0219i pe mama ei\u201d, a declarat o vecin\u0103 pentru un sote de \u0219tiri.<\/p>\n<p>\u00cen urma atacului, trei persoane au fost r\u0103nite, iar agresorul a fost re\u021binut de poli\u021bi\u0219ti. Ancheta este \u00een desf\u0103\u0219urare, iar Bebe risc\u0103 ani grei de \u00eenchisoare pentru fapta sa.<\/p>\n<p>Cristian, care urma s\u0103 \u00ee\u0219i s\u0103rb\u0103toreasc\u0103 ziua de na\u0219tere, nu a mai avut \u0219ansa s\u0103 petreac\u0103 al\u0103turi de cei dragi. \u00cen loc de bucurie, familia \u0219i prietenii s\u0103i se preg\u0103tesc acum de \u00eenmorm\u00e2ntare, iar comunitatea pl\u00e2nge o via\u021b\u0103 curmat\u0103 mult prea devreme.<\/p>","protected":false},"excerpt":{"rendered":"<p>Un atac premeditat Incidentul s-a petrecut s\u00e2mb\u0103t\u0103, 15 februarie 2025, \u00een jurul pr\u00e2nzului, c\u00e2nd agresorul,&hellip;<\/p>\n","protected":false},"author":0,"featured_media":32314,"comment_status":"open","ping_status":"open","sticky":false,"template":"","format":"standard","meta":{"footnotes":""},"categories":[2],"tags":[],"class_list":["post-32313","post","type-post","status-publish","format-standard","has-post-thumbnail","hentry","category-actual"],"_links":{"self":[{"href":"https:\/\/247stiri.ro\/index.php\/wp-json\/wp\/v2\/posts\/32313","targetHints":{"allow":["GET"]}}],"collection":[{"href":"https:\/\/247stiri.ro\/index.php\/wp-json\/wp\/v2\/posts"}],"about":[{"href":"https:\/\/247stiri.ro\/index.php\/wp-json\/wp\/v2\/types\/post"}],"replies":[{"embeddable":true,"href":"https:\/\/247stiri.ro\/index.php\/wp-json\/wp\/v2\/comments?post=32313"}],"version-history":[{"count":0,"href":"https:\/\/247stiri.ro\/index.php\/wp-json\/wp\/v2\/posts\/32313\/revisions"}],"wp:featuredmedia":[{"embeddable":true,"href":"https:\/\/247stiri.ro\/index.php\/wp-json\/wp\/v2\/media\/32314"}],"wp:attachment":[{"href":"https:\/\/247stiri.ro\/index.php\/wp-json\/wp\/v2\/media?parent=32313"}],"wp:term":[{"taxonomy":"category","embeddable":true,"href":"https:\/\/247stiri.ro\/index.php\/wp-json\/wp\/v2\/categories?post=32313"},{"taxonomy":"post_tag","embeddable":true,"href":"https:\/\/247stiri.ro\/index.php\/wp-json\/wp\/v2\/tags?post=32313"}],"curies":[{"name":"wp","href":"https:\/\/api.w.org\/{rel}","templated":true}]}}