{"id":3232,"date":"2024-10-31T06:05:14","date_gmt":"2024-10-31T06:05:14","guid":{"rendered":"https:\/\/247stiri.ro\/index.php\/2024\/10\/31\/dan-diaconescu-dezvaluiri-exclusive-despre-legatura-cu-liderul-aur-dupa-intalnirea-cu-george-simion-m-au-saltat-mascatii-pe-ei-ii-interesa-ce-am-vorbit-cu-el\/"},"modified":"2024-10-31T06:05:14","modified_gmt":"2024-10-31T06:05:14","slug":"dan-diaconescu-dezvaluiri-exclusive-despre-legatura-cu-liderul-aur-dupa-intalnirea-cu-george-simion-m-au-saltat-mascatii-pe-ei-ii-interesa-ce-am-vorbit-cu-el","status":"publish","type":"post","link":"https:\/\/247stiri.ro\/index.php\/2024\/10\/31\/dan-diaconescu-dezvaluiri-exclusive-despre-legatura-cu-liderul-aur-dupa-intalnirea-cu-george-simion-m-au-saltat-mascatii-pe-ei-ii-interesa-ce-am-vorbit-cu-el\/","title":{"rendered":"Dan Diaconescu,  DEZV\u0102LUIRI EXCLUSIVE despre leg\u0103tura cu liderul AUR: Dup\u0103 \u00eent\u00e2lnirea cu George Simion m-au s\u0103ltat masca\u021bii. Pe ei \u00eei interesa ce am vorbit cu el"},"content":{"rendered":"<p>&#8222;Dar era interesant c\u0103 din discu\u021bia asta, eu cred c\u0103 cei de la C\u0103\u0219ti, \u0219ti\u021bi ca un centru de ascultare &#8211; poate povestim asta &#8211; \u0219i pe strada Londra, unde eu am fost odat\u0103 \u00eent\u00e2mpl\u0103tori, \u0219i acolo o s\u0103 vezi multe.<\/p>\n<p>Deci, m\u0103 \u00eent\u00e2lnesc \u00een 5 aprilie cu George Simeon. El zice: &lt;&lt;Vin-o m\u00e2ine la Parlament s\u0103-\u021bi fac, s\u0103-\u021bi dreg, s\u0103 facem acte, s\u0103 oficializ\u0103m rela\u021bia noastr\u0103 de na\u0219-fin sau, m\u0103 rog, de martor-fin&gt;&gt; si se napustesc mascatii in casa mea a doua zi, pe 6 aprilie.<\/p>\n<p>Ei, de fapt, erau interesa\u021bi de telefonul \u0103la \u00een care eu vorbeam cu George Simeon \u0219i cu cine mai vorbeam eu \u0219i mi l-au luat pe \u0103la \u0219i p\u00e2n\u0103 \u00een ziua de ast\u0103zi nu mi l-au dat \u00eenapoi. \u0218i eu admit orice contrazicere din partea oric\u0103rui tr\u0103sf\u0103tor c\u0103 \u00een ziua de 6 aprilie, c\u00e2nd masca\u021bii vin la mine acas\u0103, eu nu \u0219tiam ce dosar am, nu \u0219tiam de ce sunt acuzat. 47 de masca\u021bi.<\/p>\n<p>Deci au cheltuit, cred c\u0103 mul\u021bi bani \u00een s\u0103pt\u0103m\u00e2na aia, ca s\u0103 vad\u0103 ce-i \u00een telefon. \u0218i au scos ei toate locurile cu George Simeon \u0219i a\u0219a.\u00a0<\/p>\n<p>Exista un om care acum se uita la noi la televizor si care a pus totu la cale. Il anunt pe acest om ca mama mea a murit din cauza acestui dosar. Dosarul de la Constanta.<\/p>\n<p>George Simion mi-a zis la un moment dat, demult, acum 2-3 ani: &lt;&lt;Tatutu, eu cred ca nu mai candidez&gt;&gt; ca se zvonea nu stiu ce, el era un lider de partid si eu ii zic: &lt;&lt;Ba cum sa nu, esti tanar, nu stiu ce, o sa salvezi Romania, sa nu mai faci greselile mele&gt;&gt;. Eu cred ca astia cu castile &#8211; care i-am vazut cum lucreaza, ii stiu ca pe propriile mele buzunare de 30 de ani &#8211; eu cred ca oamenii astia cand au auzit ca Simion ii spune lui Dan Diaconescu ca nu mai candideaza. Logic, nu? Urma eu sa candidez in locul lui, nu stiu ce nebunie era in capul lor.<\/p>\n<p>Si ei se gandesc: &lt;&lt;Hai sa lovim in saracu&#8217; Simion, sa aratam ce tampit e Diaconescu&gt;&gt;.<\/p>\n<p>Erau impartite televiziunile in doua. Diaconescu a cazut si urmeaza finul sau, pe el il bagau cu spionaju prin Ucraina. Nu mai stiu ce era, prin Rusia, pe la Moscova. Eu i-am spus asa: &lt;&lt;In momentul in care vor veni Serviciile la tine, sa nu bati palma&gt;&gt;. Eu nu stiu daca au venit, dar au venit la mine. El are cam acelasi numar de dosare pe care il am si eu&#8221;, a spus Dan Diaconescu in editia de miercuri seara a emisiunii &#8222;Culisele Statului Paralel&#8221; de la Realitatea PLUS, moderata de Anca Alexandrescu.\u00a0<\/p>","protected":false},"excerpt":{"rendered":"<p>&#8222;Dar era interesant c\u0103 din discu\u021bia asta, eu cred c\u0103 cei de la C\u0103\u0219ti, \u0219ti\u021bi&hellip;<\/p>\n","protected":false},"author":0,"featured_media":3233,"comment_status":"open","ping_status":"open","sticky":false,"template":"","format":"standard","meta":{"footnotes":""},"categories":[3],"tags":[],"class_list":["post-3232","post","type-post","status-publish","format-standard","has-post-thumbnail","hentry","category-politica"],"_links":{"self":[{"href":"https:\/\/247stiri.ro\/index.php\/wp-json\/wp\/v2\/posts\/3232","targetHints":{"allow":["GET"]}}],"collection":[{"href":"https:\/\/247stiri.ro\/index.php\/wp-json\/wp\/v2\/posts"}],"about":[{"href":"https:\/\/247stiri.ro\/index.php\/wp-json\/wp\/v2\/types\/post"}],"replies":[{"embeddable":true,"href":"https:\/\/247stiri.ro\/index.php\/wp-json\/wp\/v2\/comments?post=3232"}],"version-history":[{"count":0,"href":"https:\/\/247stiri.ro\/index.php\/wp-json\/wp\/v2\/posts\/3232\/revisions"}],"wp:featuredmedia":[{"embeddable":true,"href":"https:\/\/247stiri.ro\/index.php\/wp-json\/wp\/v2\/media\/3233"}],"wp:attachment":[{"href":"https:\/\/247stiri.ro\/index.php\/wp-json\/wp\/v2\/media?parent=3232"}],"wp:term":[{"taxonomy":"category","embeddable":true,"href":"https:\/\/247stiri.ro\/index.php\/wp-json\/wp\/v2\/categories?post=3232"},{"taxonomy":"post_tag","embeddable":true,"href":"https:\/\/247stiri.ro\/index.php\/wp-json\/wp\/v2\/tags?post=3232"}],"curies":[{"name":"wp","href":"https:\/\/api.w.org\/{rel}","templated":true}]}}