{"id":32328,"date":"2025-02-17T12:45:37","date_gmt":"2025-02-17T12:45:37","guid":{"rendered":"https:\/\/247stiri.ro\/index.php\/2025\/02\/17\/cardinalii-se-roaga-pentru-papa-francisc-suveranul-pontif-internat-la-roma\/"},"modified":"2025-02-17T12:45:37","modified_gmt":"2025-02-17T12:45:37","slug":"cardinalii-se-roaga-pentru-papa-francisc-suveranul-pontif-internat-la-roma","status":"publish","type":"post","link":"https:\/\/247stiri.ro\/index.php\/2025\/02\/17\/cardinalii-se-roaga-pentru-papa-francisc-suveranul-pontif-internat-la-roma\/","title":{"rendered":"Cardinalii se roag\u0103 pentru Papa Francisc. Suveranul Pontif, internat la Roma"},"content":{"rendered":"<p>Papa Francisc a petrecut o noapte \u00een spital<\/p>\n<p><a href=\"https:\/\/www.realitatea.net\/stiri\/actual\/papa-francisc-spitalizat-la-roma-din-cauza-bronsitei-de-care-sufera-de-o-saptamana_67af1a6d2394b43f757bed56\" target=\"_blank\">Papa Francisc<\/a> nu a participat nici la rug\u0103ciunea de duminic\u0103 pe care o \u021binea al\u0103turi de pelerini \u00een fiecare s\u0103pt\u0103m\u00e2n\u0103.<\/p>\n<p>\u00a0Acesta a urmat sfatul medicilor de a se odihni.\u00a0<\/p>\n<p>\u00cen urm\u0103 cu c\u00e2teva zile, <a href=\"https:\/\/www.realitatea.net\/stiri\/actual\/papa-francisc-nu-poate-citi-din-cauza-bronsitei-de-care-sufera-de-ceva-vreme_67ac6f56f4a8705c29466b1c\" target=\"_blank\">tratamentul s\u0103u a fost modificat<\/a> \u00een urma unor analize, iar starea sa de s\u0103n\u0103tate \u00eencepe s\u0103 se \u00eembun\u0103t\u0103\u021beasc\u0103.\u00a0<\/p>","protected":false},"excerpt":{"rendered":"<p>Papa Francisc a petrecut o noapte \u00een spital Papa Francisc nu a participat nici la&hellip;<\/p>\n","protected":false},"author":0,"featured_media":32329,"comment_status":"open","ping_status":"open","sticky":false,"template":"","format":"standard","meta":{"footnotes":""},"categories":[4],"tags":[],"class_list":["post-32328","post","type-post","status-publish","format-standard","has-post-thumbnail","hentry","category-extern"],"_links":{"self":[{"href":"https:\/\/247stiri.ro\/index.php\/wp-json\/wp\/v2\/posts\/32328","targetHints":{"allow":["GET"]}}],"collection":[{"href":"https:\/\/247stiri.ro\/index.php\/wp-json\/wp\/v2\/posts"}],"about":[{"href":"https:\/\/247stiri.ro\/index.php\/wp-json\/wp\/v2\/types\/post"}],"replies":[{"embeddable":true,"href":"https:\/\/247stiri.ro\/index.php\/wp-json\/wp\/v2\/comments?post=32328"}],"version-history":[{"count":0,"href":"https:\/\/247stiri.ro\/index.php\/wp-json\/wp\/v2\/posts\/32328\/revisions"}],"wp:featuredmedia":[{"embeddable":true,"href":"https:\/\/247stiri.ro\/index.php\/wp-json\/wp\/v2\/media\/32329"}],"wp:attachment":[{"href":"https:\/\/247stiri.ro\/index.php\/wp-json\/wp\/v2\/media?parent=32328"}],"wp:term":[{"taxonomy":"category","embeddable":true,"href":"https:\/\/247stiri.ro\/index.php\/wp-json\/wp\/v2\/categories?post=32328"},{"taxonomy":"post_tag","embeddable":true,"href":"https:\/\/247stiri.ro\/index.php\/wp-json\/wp\/v2\/tags?post=32328"}],"curies":[{"name":"wp","href":"https:\/\/api.w.org\/{rel}","templated":true}]}}