{"id":32332,"date":"2025-02-17T12:45:39","date_gmt":"2025-02-17T12:45:39","guid":{"rendered":"https:\/\/247stiri.ro\/index.php\/2025\/02\/17\/george-simion-anunta-de-ce-aur-nu-va-depune-in-aceasta-saptamana-motiunea-de-cenzura\/"},"modified":"2025-02-17T12:45:39","modified_gmt":"2025-02-17T12:45:39","slug":"george-simion-anunta-de-ce-aur-nu-va-depune-in-aceasta-saptamana-motiunea-de-cenzura","status":"publish","type":"post","link":"https:\/\/247stiri.ro\/index.php\/2025\/02\/17\/george-simion-anunta-de-ce-aur-nu-va-depune-in-aceasta-saptamana-motiunea-de-cenzura\/","title":{"rendered":"George Simion anun\u021b\u0103 de ce AUR nu va depune \u00een aceast\u0103 s\u0103pt\u0103m\u00e2n\u0103 mo\u021biunea de cenzur\u0103"},"content":{"rendered":"<p>&#8216;Nu vom depune \u00een aceast\u0103 s\u0103pt\u0103m\u00e2n\u0103 mo\u021biunea de cenzur\u0103 p\u00e2n\u0103 nu avem semn\u0103turi din partea tuturor membrilor opozi\u021biei&#8217;, a precizat Simion, \u00eentr-un clip video postat pe pagina sa de Facebook.<\/p>\n<p>El spune c\u0103 sunt a\u0219teptate semn\u0103turi de la membrii POT \u0219i de la cei de la USR.<\/p>\n<p>&#8216;Adic\u0103 a\u0219tept\u0103m &#8211; azi sunt colegii mei \u00een Parlament &#8211; s\u0103 semneze \u0219i ei mo\u021biunea de cenzur\u0103. Sper\u0103m azi s\u0103 semneze \u0219i membrii de la POT \u0219i USR m\u0103car o parte ca s\u0103 nu vedem c\u0103 exist\u0103 o interdic\u021bie din partea doamnei Lasconi ca s\u0103 fie votat\u0103 mo\u021biunea, c\u0103 altfel nu ar avea rost. P\u00e2n\u0103 la urm\u0103, voin\u021ba rom\u00e2nilor, aceea de a sc\u0103pa de actuala clas\u0103 politic\u0103, trebuie s\u0103 devin\u0103 lege, indiferent c\u00e2t de multe aranjamente fac ei&#8217;, a sus\u021binut liderul AUR.<\/p>\n<p>George Simion a precizat, \u00eentr-o postare ulterioar\u0103 pe pagina de socializare, c\u0103 mo\u021biunea de cenzur\u0103 va fi depus\u0103. &#8216;Nu renun\u021b\u0103m. Hai s\u0103 vedem cine o semneaz\u0103 \u0219i cine nu&#8217;, a mai scris el.<\/p>\n<p>Mo\u021biunea de cenzur\u0103 intitulat\u0103 &#8216;Premierul NORDIS trebuie s\u0103 plece!&#8217; anun\u021bat\u0103 de AUR \u00een urm\u0103 cu o s\u0103pt\u0103m\u00e2n\u0103 \u0219i semnat\u0103 de 125 de parlamentari AUR \u0219i S.O.S. ar fi urmat s\u0103 fie depus\u0103, luni, la Parlament. Parlamentarii USR \u0219i POT au fost \u00eendemna\u021bi, la sf\u00e2r\u0219itul s\u0103pt\u0103m\u00e2nii trecute, de S.O.S. s\u0103 se al\u0103ture acestui demers.<\/p>\n<p>\u00a0<\/p>","protected":false},"excerpt":{"rendered":"<p>&#8216;Nu vom depune \u00een aceast\u0103 s\u0103pt\u0103m\u00e2n\u0103 mo\u021biunea de cenzur\u0103 p\u00e2n\u0103 nu avem semn\u0103turi din partea&hellip;<\/p>\n","protected":false},"author":0,"featured_media":32333,"comment_status":"open","ping_status":"open","sticky":false,"template":"","format":"standard","meta":{"footnotes":""},"categories":[3],"tags":[],"class_list":["post-32332","post","type-post","status-publish","format-standard","has-post-thumbnail","hentry","category-politica"],"_links":{"self":[{"href":"https:\/\/247stiri.ro\/index.php\/wp-json\/wp\/v2\/posts\/32332","targetHints":{"allow":["GET"]}}],"collection":[{"href":"https:\/\/247stiri.ro\/index.php\/wp-json\/wp\/v2\/posts"}],"about":[{"href":"https:\/\/247stiri.ro\/index.php\/wp-json\/wp\/v2\/types\/post"}],"replies":[{"embeddable":true,"href":"https:\/\/247stiri.ro\/index.php\/wp-json\/wp\/v2\/comments?post=32332"}],"version-history":[{"count":0,"href":"https:\/\/247stiri.ro\/index.php\/wp-json\/wp\/v2\/posts\/32332\/revisions"}],"wp:featuredmedia":[{"embeddable":true,"href":"https:\/\/247stiri.ro\/index.php\/wp-json\/wp\/v2\/media\/32333"}],"wp:attachment":[{"href":"https:\/\/247stiri.ro\/index.php\/wp-json\/wp\/v2\/media?parent=32332"}],"wp:term":[{"taxonomy":"category","embeddable":true,"href":"https:\/\/247stiri.ro\/index.php\/wp-json\/wp\/v2\/categories?post=32332"},{"taxonomy":"post_tag","embeddable":true,"href":"https:\/\/247stiri.ro\/index.php\/wp-json\/wp\/v2\/tags?post=32332"}],"curies":[{"name":"wp","href":"https:\/\/api.w.org\/{rel}","templated":true}]}}