{"id":32334,"date":"2025-02-17T12:45:40","date_gmt":"2025-02-17T12:45:40","guid":{"rendered":"https:\/\/247stiri.ro\/index.php\/2025\/02\/17\/dan-negru-nu-crede-in-isteria-unui-razboi-mondial-planeta-are-acum-cei-mai-ticniti-presedinti-din-istorie\/"},"modified":"2025-02-17T12:45:40","modified_gmt":"2025-02-17T12:45:40","slug":"dan-negru-nu-crede-in-isteria-unui-razboi-mondial-planeta-are-acum-cei-mai-ticniti-presedinti-din-istorie","status":"publish","type":"post","link":"https:\/\/247stiri.ro\/index.php\/2025\/02\/17\/dan-negru-nu-crede-in-isteria-unui-razboi-mondial-planeta-are-acum-cei-mai-ticniti-presedinti-din-istorie\/","title":{"rendered":"Dan Negru nu crede \u00een isteria unui R\u0103zboi Mondial: \u201ePlaneta are acum cei mai \u021bicni\u021bi pre\u0219edin\u021bi din istorie!\u201d"},"content":{"rendered":"<p>Dan Negru: \u201eRom\u00e2nia nu este la masa negocierilor, este \u00een meniu!\u201d<\/p>\n<p><a href=\"https:\/\/www.realitatea.net\/stiri\/actual\/dan-negru-ce-facea-soros-in-90-o-sa-faca-elon-musk-acum_67a20ff529aee8076c1cf9e6\" target=\"_blank\">Acesta a glumit<\/a> pe seama Rom\u00e2niei \u00een contextul summitului de securitate de la Paris \u0219i a spus c\u0103: \u201enoi nu suntem la mas\u0103, suntem \u00een meniu\u201d.\u00a0<\/p>\n<p>Americanul vrea doar afaceri \u0219i cel mai probabil va c\u00e2\u0219tiga business-ul mondial. Rusul vrea gloria \u0219i influen\u021ba de alt\u0103 dat\u0103, \u00een timp ce chinezul vrea s\u0103 arate lumii \u00eentregi c\u0103 amestecul de comunism \u0219i capitalism este viitorul.\u00a0<\/p>\n<p>De asemenea, <a href=\"https:\/\/www.realitatea.net\/stiri\/lifestyle\/afacerea-candidatul-66-de-milioane-de-lei-cheltuiti-in-campanie-ce-spune-jurnalistul-dan-negru-despre-candidatura-la-prezidentiale_678629dc3f9ffc317c113de7\" target=\"_blank\">omul de televiziune<\/a> a ad\u0103ugat c\u0103 planeta are cei mai \u021bicni\u021bi pre\u0219edin\u021bi din istorie \u0219i a f\u0103cut un apel la pacea mondial\u0103.\u00a0<\/p>\n<p>\u00a0\u00a0\u00a0\u00a0\u00a0Vezi aceast\u0103 postare pe Instagram\u00a0\u00a0\u00a0\u00a0\u00a0\u00a0\u00a0\u00a0\u00a0\u00a0\u00a0<\/p>\n<p><a href=\"https:\/\/www.instagram.com\/p\/DGH_q3aoYKc\/?utm_source=ig_embed&amp;utm_campaign=loading\" target=\"_blank\">O postare distribuit\u0103 de Dan Negru (@negru_dan)<\/a><\/p>","protected":false},"excerpt":{"rendered":"<p>Dan Negru: \u201eRom\u00e2nia nu este la masa negocierilor, este \u00een meniu!\u201d Acesta a glumit pe&hellip;<\/p>\n","protected":false},"author":0,"featured_media":32335,"comment_status":"open","ping_status":"open","sticky":false,"template":"","format":"standard","meta":{"footnotes":""},"categories":[2],"tags":[],"class_list":["post-32334","post","type-post","status-publish","format-standard","has-post-thumbnail","hentry","category-actual"],"_links":{"self":[{"href":"https:\/\/247stiri.ro\/index.php\/wp-json\/wp\/v2\/posts\/32334","targetHints":{"allow":["GET"]}}],"collection":[{"href":"https:\/\/247stiri.ro\/index.php\/wp-json\/wp\/v2\/posts"}],"about":[{"href":"https:\/\/247stiri.ro\/index.php\/wp-json\/wp\/v2\/types\/post"}],"replies":[{"embeddable":true,"href":"https:\/\/247stiri.ro\/index.php\/wp-json\/wp\/v2\/comments?post=32334"}],"version-history":[{"count":0,"href":"https:\/\/247stiri.ro\/index.php\/wp-json\/wp\/v2\/posts\/32334\/revisions"}],"wp:featuredmedia":[{"embeddable":true,"href":"https:\/\/247stiri.ro\/index.php\/wp-json\/wp\/v2\/media\/32335"}],"wp:attachment":[{"href":"https:\/\/247stiri.ro\/index.php\/wp-json\/wp\/v2\/media?parent=32334"}],"wp:term":[{"taxonomy":"category","embeddable":true,"href":"https:\/\/247stiri.ro\/index.php\/wp-json\/wp\/v2\/categories?post=32334"},{"taxonomy":"post_tag","embeddable":true,"href":"https:\/\/247stiri.ro\/index.php\/wp-json\/wp\/v2\/tags?post=32334"}],"curies":[{"name":"wp","href":"https:\/\/api.w.org\/{rel}","templated":true}]}}