{"id":32337,"date":"2025-02-17T12:45:41","date_gmt":"2025-02-17T12:45:41","guid":{"rendered":"https:\/\/247stiri.ro\/index.php\/2025\/02\/17\/ministrul-educatiei-face-profilul-absolventului-de-liceu\/"},"modified":"2025-02-17T12:45:41","modified_gmt":"2025-02-17T12:45:41","slug":"ministrul-educatiei-face-profilul-absolventului-de-liceu","status":"publish","type":"post","link":"https:\/\/247stiri.ro\/index.php\/2025\/02\/17\/ministrul-educatiei-face-profilul-absolventului-de-liceu\/","title":{"rendered":"Ministrul Educa\u021biei face profilul absolventului de liceu"},"content":{"rendered":"<p>Acesta a precizat c\u0103 trunchiul comun din proiectul pentru planurile-cadru de liceu \u201eacoper\u0103 aceste elemente din cultura general\u0103\u201d.<\/p>\n<p>\u201eTrunchiul de baz\u0103 acoper\u0103 aceste elemente din cultura general\u0103, pentru c\u0103, nu uita\u021bi, trunchiul comun \u00een acest moment se refer\u0103 de la specializarea matematic\u0103-informatic\u0103, p\u00e2n\u0103 la coregrafie \u0219i atunci g\u00e2nde\u0219ti, \u00een aceast\u0103 diversitate de specializ\u0103ri, care sunt elementele-cheie pe care trebuie s\u0103 le ai acolo\u201d, a spus Daniel David, la un post TV.<\/p>\n<p>Disciplinele obligatorii \u0219i op\u021bionale propuse \u00een planurile-cadru de liceu ar trebui sa dezvolte competen\u021bele-cheie prev\u0103zute de Profilul de formare al absolventului. Acesta corespunde \u00een mod direct trunchiului comun, dar vizeaz\u0103 indirect \u0219i curriculumul de specialitate \u0219i curriculumul la decizia elevului din oferta \u0219colii.<\/p>\n<p>Profilul specific de formare al absolventului de liceu teoretic, tehnologic \u0219i voca\u021bional completeaz\u0103 profilul general de formare al absolventului de \u00eenv\u0103\u021b\u0103m\u00e2nt liceal \u0219i corespunde direct curriculumului de specialitate, se precizeaz\u0103 \u00een proiectul planurilor-cadru pus \u00een consultare public\u0103.\u00a0<\/p>\n<p>Profilul absolventului de liceu st\u0103 la baza planurilor-cadru, dar \u0219i a programelor \u0219colare.\u00a0<\/p>\n<p>\u00centrebat cum vede profilul absolventului de liceu, Daniel David a replicat: \u00a0&#8222;Eu v\u0103d lucrurile \u00een felul urm\u0103tor: c\u00e2nd te ui\u021bi sub aspect formal, noi vorbim de cele 8 competen\u021be-cheie pe care le \u021bintim \u00een procesul de educa\u021bie. Ca s\u0103 traduc \u0219i s\u0103 nu intr\u0103m \u00een aspecte tehnice, pentru mine, ca psiholog, cele 8 competen\u021be-cheie \u00eenseamn\u0103 absolven\u021bi care sunt buni speciali\u0219ti, care sunt buni cet\u0103\u021beni, iar un bun cet\u0103\u021bean, pentru mine, \u00eenseamn\u0103 a fi un rom\u00e2n, cet\u0103\u021bean european, protector al democra\u021biei. A treia component\u0103, cum bine a\u021bi spus \u0219i dumneavoastr\u0103, un om echilibrat, cu o stare de bine, cu un nivel bun, care este mul\u021bumit de propria via\u021b\u0103, ca s\u0103 nu spun neap\u0103rat un om fericit. Asta trebuie s\u0103 \u021bintim.&#8221;<\/p>\n<p>\u00a0<\/p>","protected":false},"excerpt":{"rendered":"<p>Acesta a precizat c\u0103 trunchiul comun din proiectul pentru planurile-cadru de liceu \u201eacoper\u0103 aceste elemente&hellip;<\/p>\n","protected":false},"author":0,"featured_media":32338,"comment_status":"open","ping_status":"open","sticky":false,"template":"","format":"standard","meta":{"footnotes":""},"categories":[2],"tags":[],"class_list":["post-32337","post","type-post","status-publish","format-standard","has-post-thumbnail","hentry","category-actual"],"_links":{"self":[{"href":"https:\/\/247stiri.ro\/index.php\/wp-json\/wp\/v2\/posts\/32337","targetHints":{"allow":["GET"]}}],"collection":[{"href":"https:\/\/247stiri.ro\/index.php\/wp-json\/wp\/v2\/posts"}],"about":[{"href":"https:\/\/247stiri.ro\/index.php\/wp-json\/wp\/v2\/types\/post"}],"replies":[{"embeddable":true,"href":"https:\/\/247stiri.ro\/index.php\/wp-json\/wp\/v2\/comments?post=32337"}],"version-history":[{"count":0,"href":"https:\/\/247stiri.ro\/index.php\/wp-json\/wp\/v2\/posts\/32337\/revisions"}],"wp:featuredmedia":[{"embeddable":true,"href":"https:\/\/247stiri.ro\/index.php\/wp-json\/wp\/v2\/media\/32338"}],"wp:attachment":[{"href":"https:\/\/247stiri.ro\/index.php\/wp-json\/wp\/v2\/media?parent=32337"}],"wp:term":[{"taxonomy":"category","embeddable":true,"href":"https:\/\/247stiri.ro\/index.php\/wp-json\/wp\/v2\/categories?post=32337"},{"taxonomy":"post_tag","embeddable":true,"href":"https:\/\/247stiri.ro\/index.php\/wp-json\/wp\/v2\/tags?post=32337"}],"curies":[{"name":"wp","href":"https:\/\/api.w.org\/{rel}","templated":true}]}}