{"id":32339,"date":"2025-02-17T12:45:42","date_gmt":"2025-02-17T12:45:42","guid":{"rendered":"https:\/\/247stiri.ro\/index.php\/2025\/02\/17\/grav-accident-rutier-pe-dn5-un-sofer-a-sarit-cu-masina-de-pe-sosea-in-camp\/"},"modified":"2025-02-17T12:45:42","modified_gmt":"2025-02-17T12:45:42","slug":"grav-accident-rutier-pe-dn5-un-sofer-a-sarit-cu-masina-de-pe-sosea-in-camp","status":"publish","type":"post","link":"https:\/\/247stiri.ro\/index.php\/2025\/02\/17\/grav-accident-rutier-pe-dn5-un-sofer-a-sarit-cu-masina-de-pe-sosea-in-camp\/","title":{"rendered":"Grav accident rutier pe DN5. Un \u0219ofer a s\u0103rit cu ma\u0219ina de pe \u0219osea \u00een c\u00e2mp"},"content":{"rendered":"<p>Cum s-a \u00eent\u00e2mplat totul<\/p>\n<p><a href=\"https:\/\/www.realitatea.net\/stiri\/actual\/grav-accident-rutier-in-iasi-patru-persoane-ranite-in-urma-coliziunii-dintre-doua-masini_67b30d07dd35252db07360c2\" target=\"_blank\">\u00a0\u00cen incident<\/a> a fost implicat un singur autoturism, \u00een care se aflau un b\u0103rbat de 47 de ani, o femeie de 42 de ani \u0219i o adolescent\u0103 de 17 ani. Se pare c\u0103 \u0219oferul a pierdut controlul vehiculului \u0219i a ie\u0219it de pe partea carosabil\u0103, ajung\u00e2nd pe un c\u00e2mp din apropiere.<\/p>\n<p>Pentru interven\u021bie, la fa\u021ba locului au sosit pompierii de la Punctul de Lucru C\u0103lug\u0103reni, cu o autospecial\u0103 dotat\u0103 cu echipament de descarcerare, al\u0103turi de o ambulan\u021b\u0103 SMURD \u0219i dou\u0103 echipaje de la Serviciul de Ambulan\u021b\u0103 Jude\u021bean. Victimele au fost transportate de urgen\u021b\u0103 la un spital din Bucure\u0219ti pentru tratamente suplimentare.<\/p>\n<p>Pompierii au luat m\u0103suri pentru prevenirea unui posibil incendiu, iar autorit\u0103\u021bile au deschis o anchet\u0103 pentru a stabili <a href=\"https:\/\/www.realitatea.net\/stiri\/actual\/accident-grav-pe-centura-capitalei-doi-morti-dupa-impactul-violent-cu-un-autotren_67b2dfa3964ae80c7b7796f2\" target=\"_blank\">circumstan\u021bele exacte ale accidentului.<\/a><\/p>\n\n<p>\u00a0Accident la Aduna\u021bii Cop\u0103ceni \/ Sursa foto &#8211; ISU<\/p>","protected":false},"excerpt":{"rendered":"<p>Cum s-a \u00eent\u00e2mplat totul \u00a0\u00cen incident a fost implicat un singur autoturism, \u00een care se&hellip;<\/p>\n","protected":false},"author":0,"featured_media":32340,"comment_status":"open","ping_status":"open","sticky":false,"template":"","format":"standard","meta":{"footnotes":""},"categories":[2],"tags":[],"class_list":["post-32339","post","type-post","status-publish","format-standard","has-post-thumbnail","hentry","category-actual"],"_links":{"self":[{"href":"https:\/\/247stiri.ro\/index.php\/wp-json\/wp\/v2\/posts\/32339","targetHints":{"allow":["GET"]}}],"collection":[{"href":"https:\/\/247stiri.ro\/index.php\/wp-json\/wp\/v2\/posts"}],"about":[{"href":"https:\/\/247stiri.ro\/index.php\/wp-json\/wp\/v2\/types\/post"}],"replies":[{"embeddable":true,"href":"https:\/\/247stiri.ro\/index.php\/wp-json\/wp\/v2\/comments?post=32339"}],"version-history":[{"count":0,"href":"https:\/\/247stiri.ro\/index.php\/wp-json\/wp\/v2\/posts\/32339\/revisions"}],"wp:featuredmedia":[{"embeddable":true,"href":"https:\/\/247stiri.ro\/index.php\/wp-json\/wp\/v2\/media\/32340"}],"wp:attachment":[{"href":"https:\/\/247stiri.ro\/index.php\/wp-json\/wp\/v2\/media?parent=32339"}],"wp:term":[{"taxonomy":"category","embeddable":true,"href":"https:\/\/247stiri.ro\/index.php\/wp-json\/wp\/v2\/categories?post=32339"},{"taxonomy":"post_tag","embeddable":true,"href":"https:\/\/247stiri.ro\/index.php\/wp-json\/wp\/v2\/tags?post=32339"}],"curies":[{"name":"wp","href":"https:\/\/api.w.org\/{rel}","templated":true}]}}