{"id":32369,"date":"2025-02-17T14:45:21","date_gmt":"2025-02-17T14:45:21","guid":{"rendered":"https:\/\/247stiri.ro\/index.php\/2025\/02\/17\/preotul-regizor-ciprian-mega-suspectat-ca-si-ar-fi-incendiat-intentionat-masina-oamenii-legii-au-descins-in-locuinta-duhovnicului\/"},"modified":"2025-02-17T14:45:21","modified_gmt":"2025-02-17T14:45:21","slug":"preotul-regizor-ciprian-mega-suspectat-ca-si-ar-fi-incendiat-intentionat-masina-oamenii-legii-au-descins-in-locuinta-duhovnicului","status":"publish","type":"post","link":"https:\/\/247stiri.ro\/index.php\/2025\/02\/17\/preotul-regizor-ciprian-mega-suspectat-ca-si-ar-fi-incendiat-intentionat-masina-oamenii-legii-au-descins-in-locuinta-duhovnicului\/","title":{"rendered":"Preotul-regizor Ciprian Mega, suspectat c\u0103 \u0219i-ar fi incendiat inten\u021bionat ma\u0219ina. Oamenii legii au descins \u00een locuin\u021ba duhovnicului"},"content":{"rendered":"<p>Poli\u021bi\u0219tii din Bihor au efectuat perchezi\u021bii la locuin\u021ba preotului <a href=\"https:\/\/www.realitatea.net\/stiri\/actual\/masina-preotului-ciprian-mega-regizorul-filmului-21-de-rubini-a-luat-foc-si-a-ars-in-totalitate-ce-ipoteze-are-politia_67a4e3ff4c221c2af72bc085\" target=\"_blank\">Ciprian Mega<\/a>, dup\u0103 ce pe data de 5 februarie, \u00een timp ce se deplasa spre Bucure\u0219ti, ma\u0219ina sa a luat foc.\u00a0<\/p>\n<p>Oamenii legii b\u0103nuiesc c\u0103 celebrul duhovnic ar fi provocat inten\u021bionat focul, cel mai probabil, pentru a protesta fa\u021b\u0103 de autorit\u0103\u021bile rom\u00e2ne sau fa\u021b\u0103 de conducerea Bisericii Ortodoxe Rom\u00e2ne (BOR).<\/p>\n<p>Surse din anchet\u0103 spun c\u0103 ini\u021bial, s-a crezut c\u0103 incendiul ar fi fost cauzat de o defec\u021biune electric\u0103 la autoturismul condus de Ciprian Mega.<\/p>\n<p>\u201dDin primele investiga\u021bii ale poli\u021bi\u0219tilor a rezultat c\u0103, \u00een timpul deplas\u0103rii, conduc\u0103torul autoturismului ar fi sim\u021bit miros de fum \u0219i ar fi oprit autovehiculul pe partea dreapt\u0103, ulterior manifest\u00e2ndu-se incendiul. Cauza probabil\u0103 fiind efectul termic al curentului electric, generat de un conductor electric defect ori neizolat corespunz\u0103tor sau cu izola\u021bia deteriorat\u0103\u201d, au transmis reprezentanii Poli\u021biei Bihor.\u00a0<\/p>\n<p>Cu toate acestea, preotul respinge orice leg\u0103tur\u0103 \u00eentre acest incident \u0219i recentele conflicte pe care le-a avut cu mai marii BOR.<\/p>\n<p>\u201dAm toat\u0103 convingerea c\u0103 tristul eveniment prin care am trecut nu are nicio leg\u0103tur\u0103 cu episcopul Oradiei, nicicu inten\u021biile dumnealui \u00een ceea ce m\u0103 prive\u0219te. Ar fi o nedreptate s\u0103-l b\u0103nuiasc\u0103 cineva de a\u0219a ceva\u201d, a scris Ciprian Mega pe Facebook.<\/p>\n<p>Mai mult, acesta i-a criticat pe liderii BOR pentru comportamentul lor, suger\u00e2nd c\u0103 sunt implica\u021bi \u00eentr-un complot politic \u0219i instig\u0103 la ur\u0103 la adresa sa.<\/p>\n<p>\u201dA\u0219 merge, f\u0103r\u0103-ndoial\u0103, la Moscova, unde a\u0219 vorbi, exact cum am f\u0103cut-o, \u00een conferin\u021bele de pres\u0103. \u0218i, probabil, c\u0103 a\u0219 avea \u00eencredere \u00een aceia\u0219i oameni, inclusiv \u00een tr\u0103d\u0103tori\u201d, a mai spus preotul Ciprian Mega.<\/p>","protected":false},"excerpt":{"rendered":"<p>Poli\u021bi\u0219tii din Bihor au efectuat perchezi\u021bii la locuin\u021ba preotului Ciprian Mega, dup\u0103 ce pe data&hellip;<\/p>\n","protected":false},"author":0,"featured_media":32370,"comment_status":"open","ping_status":"open","sticky":false,"template":"","format":"standard","meta":{"footnotes":""},"categories":[2],"tags":[],"class_list":["post-32369","post","type-post","status-publish","format-standard","has-post-thumbnail","hentry","category-actual"],"_links":{"self":[{"href":"https:\/\/247stiri.ro\/index.php\/wp-json\/wp\/v2\/posts\/32369","targetHints":{"allow":["GET"]}}],"collection":[{"href":"https:\/\/247stiri.ro\/index.php\/wp-json\/wp\/v2\/posts"}],"about":[{"href":"https:\/\/247stiri.ro\/index.php\/wp-json\/wp\/v2\/types\/post"}],"replies":[{"embeddable":true,"href":"https:\/\/247stiri.ro\/index.php\/wp-json\/wp\/v2\/comments?post=32369"}],"version-history":[{"count":0,"href":"https:\/\/247stiri.ro\/index.php\/wp-json\/wp\/v2\/posts\/32369\/revisions"}],"wp:featuredmedia":[{"embeddable":true,"href":"https:\/\/247stiri.ro\/index.php\/wp-json\/wp\/v2\/media\/32370"}],"wp:attachment":[{"href":"https:\/\/247stiri.ro\/index.php\/wp-json\/wp\/v2\/media?parent=32369"}],"wp:term":[{"taxonomy":"category","embeddable":true,"href":"https:\/\/247stiri.ro\/index.php\/wp-json\/wp\/v2\/categories?post=32369"},{"taxonomy":"post_tag","embeddable":true,"href":"https:\/\/247stiri.ro\/index.php\/wp-json\/wp\/v2\/tags?post=32369"}],"curies":[{"name":"wp","href":"https:\/\/api.w.org\/{rel}","templated":true}]}}