{"id":32371,"date":"2025-02-17T14:45:22","date_gmt":"2025-02-17T14:45:22","guid":{"rendered":"https:\/\/247stiri.ro\/index.php\/2025\/02\/17\/presedintele-interimar-ilie-bolojan-a-primt-trei-ambasadori-la-cotroceni\/"},"modified":"2025-02-17T14:45:22","modified_gmt":"2025-02-17T14:45:22","slug":"presedintele-interimar-ilie-bolojan-a-primt-trei-ambasadori-la-cotroceni","status":"publish","type":"post","link":"https:\/\/247stiri.ro\/index.php\/2025\/02\/17\/presedintele-interimar-ilie-bolojan-a-primt-trei-ambasadori-la-cotroceni\/","title":{"rendered":"Pre\u0219edintele interimar Ilie Bolojan a primt trei ambasadori la Cotroceni"},"content":{"rendered":"<p>La \u00eent\u00e2lnirea cu ambasadorul Republicii Columbia, Divia Desideria Cepeda Rojas, Bolojan a reafirmat dorin\u021ba de a consolida dialogul dintre cele dou\u0103 \u021b\u0103ri, inclusiv la nivel \u00eenalt, \u0219i a apreciat buna evolu\u021bie a rela\u021biilor bilaterale. A salutat decizia autorit\u0103\u021bilor de la Bogota de a redeschide Ambasada Columbiei la Bucure\u0219ti, consider\u00e2nd c\u0103 acest pas, al\u0103turi de activitatea ambasadorului Rom\u00e2niei la Bogot\u00e1, creeaz\u0103 condi\u021biile pentru un dialog politico-diplomatic mai dinamic, informeaz\u0103 Administra\u021bia Preziden\u021bial\u0103.<\/p>\n<p>Pe plan sectorial, ambele p\u0103r\u021bi \u0219i-au exprimat inten\u021bia de a extinde \u0219i diversifica cooperarea \u00een domenii de interes comun, precum comer\u021b, cultur\u0103, educa\u021bie, digitalizare, securitate cibernetic\u0103, cercetare, inovare, schimb\u0103ri climatice \u0219i biodiversitate. De asemenea, cei doi oficiali au convenit asupra importan\u021bei colabor\u0103rii pentru succesul Summitului UE \u2013 Comunitatea Statelor Latino-Americane \u0219i Caraibiene (CELAC), care va avea loc \u00een Columbia \u00een a doua jum\u0103tate a anului.<\/p>\n<p>Potrivit mediafax.ro, \u00een cadrul discu\u021biilor cu ambasadorul Statului Kuweit la Bucure\u0219ti, Abdullah Abdulrahman Al-Shatti, pre\u0219edintele interimar al Rom\u00e2niei a eviden\u021biat buna evolu\u021bie a rela\u021biilor politice bilaterale \u0219i a subliniat importan\u021ba cooper\u0103rii tradi\u021bionale dintre cele dou\u0103 \u021b\u0103ri. A apreciat ini\u021biativele pentru organizarea, \u00een acest an, a unei sesiuni a Comisiei mixte economice \u0219i tehnice, care s\u0103 faciliteze colaborarea \u00een domenii de interes comun \u0219i s\u0103 contribuie la extinderea cooper\u0103rii economice rom\u00e2no-kuweitiene.<\/p>\n<p>Totodat\u0103, pre\u0219edintele a eviden\u021biat sprijinul reciproc al celor dou\u0103 state \u00een cadrul ONU \u0219i al altor organiza\u021bii interna\u021bionale, subliniind angajamentul comun pentru respectarea normelor interna\u021bionale \u0219i promovarea multilateralismului. \u00cen acest context, a salutat preluarea Pre\u0219edin\u021biei rotative a Consiliului de Cooperare al Golfului de c\u0103tre Kuweit \u00een 2025 \u0219i \u0219i-a exprimat interesul pentru dezvoltarea dialogului pe teme de securitate \u0219i politic\u0103 \u00een regiune.<\/p>\n<p>Cei doi interlocutori au \u00eencurajat sporirea contactelor dintre oamenii de afaceri din ambele \u021b\u0103ri, precum \u0219i dezvoltarea \u00een continuare a rela\u021biilor \u00een diverse domenii economice.\u00a0<\/p>\n<p>\u00a0<\/p>","protected":false},"excerpt":{"rendered":"<p>La \u00eent\u00e2lnirea cu ambasadorul Republicii Columbia, Divia Desideria Cepeda Rojas, Bolojan a reafirmat dorin\u021ba de&hellip;<\/p>\n","protected":false},"author":0,"featured_media":32372,"comment_status":"open","ping_status":"open","sticky":false,"template":"","format":"standard","meta":{"footnotes":""},"categories":[2],"tags":[],"class_list":["post-32371","post","type-post","status-publish","format-standard","has-post-thumbnail","hentry","category-actual"],"_links":{"self":[{"href":"https:\/\/247stiri.ro\/index.php\/wp-json\/wp\/v2\/posts\/32371","targetHints":{"allow":["GET"]}}],"collection":[{"href":"https:\/\/247stiri.ro\/index.php\/wp-json\/wp\/v2\/posts"}],"about":[{"href":"https:\/\/247stiri.ro\/index.php\/wp-json\/wp\/v2\/types\/post"}],"replies":[{"embeddable":true,"href":"https:\/\/247stiri.ro\/index.php\/wp-json\/wp\/v2\/comments?post=32371"}],"version-history":[{"count":0,"href":"https:\/\/247stiri.ro\/index.php\/wp-json\/wp\/v2\/posts\/32371\/revisions"}],"wp:featuredmedia":[{"embeddable":true,"href":"https:\/\/247stiri.ro\/index.php\/wp-json\/wp\/v2\/media\/32372"}],"wp:attachment":[{"href":"https:\/\/247stiri.ro\/index.php\/wp-json\/wp\/v2\/media?parent=32371"}],"wp:term":[{"taxonomy":"category","embeddable":true,"href":"https:\/\/247stiri.ro\/index.php\/wp-json\/wp\/v2\/categories?post=32371"},{"taxonomy":"post_tag","embeddable":true,"href":"https:\/\/247stiri.ro\/index.php\/wp-json\/wp\/v2\/tags?post=32371"}],"curies":[{"name":"wp","href":"https:\/\/api.w.org\/{rel}","templated":true}]}}