{"id":32393,"date":"2025-02-17T15:44:52","date_gmt":"2025-02-17T15:44:52","guid":{"rendered":"https:\/\/247stiri.ro\/index.php\/2025\/02\/17\/hurezeanu-chemat-in-parlament-sa-dea-explicatii-pentru-absenta-romaniei-de-la-summitul-de-la-paris\/"},"modified":"2025-02-17T15:44:52","modified_gmt":"2025-02-17T15:44:52","slug":"hurezeanu-chemat-in-parlament-sa-dea-explicatii-pentru-absenta-romaniei-de-la-summitul-de-la-paris","status":"publish","type":"post","link":"https:\/\/247stiri.ro\/index.php\/2025\/02\/17\/hurezeanu-chemat-in-parlament-sa-dea-explicatii-pentru-absenta-romaniei-de-la-summitul-de-la-paris\/","title":{"rendered":"Hurezeanu, chemat \u00een Parlament s\u0103 dea explica\u021bii pentru absen\u021ba Rom\u00e2niei de la Summitul de la Paris"},"content":{"rendered":"<p>\u201eCum am ajuns \u201enepofti\u0163ii de la Paris\u201d dup\u0103 ce am fost \u201eoaia neagr\u0103\u201d de la Munchen? USR nu vrea s\u0103 asist\u0103m la auto-evacuarea Rom\u00e2niei din politica european\u0103. P\u00e2n\u0103 c\u00e2nd vom \u015fti cine sunt iresponsabilii care ne\u2010au adus aici \u015fi cum au f\u0103cut-o, avem nevoie s\u0103 \u015ftim ce puncte de vedere, ce propuneri \u015fi solu\u0163ii \u00ee\u015fi asum\u0103 \u0163ara noastr\u0103 \u00een actualul context de securitate european\u0103.<\/p>\n<p>N-avem un pre\u015fedinte ales care s\u0103 poat\u0103 vorbi Parlamentului, dar avem un ministru de Externe cu prerogative depline. Este cea mai autorizat\u0103 voce a momentului s\u0103 vin\u0103 \u00een Comisia pentru Afaceri Europene \u015fi s\u0103 ne spun\u0103 ce facem ca s\u0103 mai cont\u0103m \u00een Uniunea European\u0103\u201d, spune Diana Stoica, pre\u015fedinta Comisiei pentru Afaceri Europene.<\/p>\n<p>Invita\u0163ia c\u0103tre ministrul Afacerilor Externe a fost transmis\u0103 pentru \u015fedin\u0163a de mar\u0163i a Comisiei pentru Afaceri Europene care \u00eencepe la ora 13:00.<\/p>\n<p>\u201eRom\u00e2nia trebuie s\u0103 ob\u0163in\u0103 un loc la masa discu\u0163iilor cu liderii europeni, \u00een contextul pozi\u0163iilor exprimate la Conferin\u0163a de la Munchen \u015fi a negocierilor care se poart\u0103 pentru solu\u0163ionarea r\u0103zboiului declan\u015fat de Rusia \u00een Ucraina\u201d, potrivit comunicatului USR.<\/p>","protected":false},"excerpt":{"rendered":"<p>\u201eCum am ajuns \u201enepofti\u0163ii de la Paris\u201d dup\u0103 ce am fost \u201eoaia neagr\u0103\u201d de la&hellip;<\/p>\n","protected":false},"author":0,"featured_media":32394,"comment_status":"open","ping_status":"open","sticky":false,"template":"","format":"standard","meta":{"footnotes":""},"categories":[2],"tags":[],"class_list":["post-32393","post","type-post","status-publish","format-standard","has-post-thumbnail","hentry","category-actual"],"_links":{"self":[{"href":"https:\/\/247stiri.ro\/index.php\/wp-json\/wp\/v2\/posts\/32393","targetHints":{"allow":["GET"]}}],"collection":[{"href":"https:\/\/247stiri.ro\/index.php\/wp-json\/wp\/v2\/posts"}],"about":[{"href":"https:\/\/247stiri.ro\/index.php\/wp-json\/wp\/v2\/types\/post"}],"replies":[{"embeddable":true,"href":"https:\/\/247stiri.ro\/index.php\/wp-json\/wp\/v2\/comments?post=32393"}],"version-history":[{"count":0,"href":"https:\/\/247stiri.ro\/index.php\/wp-json\/wp\/v2\/posts\/32393\/revisions"}],"wp:featuredmedia":[{"embeddable":true,"href":"https:\/\/247stiri.ro\/index.php\/wp-json\/wp\/v2\/media\/32394"}],"wp:attachment":[{"href":"https:\/\/247stiri.ro\/index.php\/wp-json\/wp\/v2\/media?parent=32393"}],"wp:term":[{"taxonomy":"category","embeddable":true,"href":"https:\/\/247stiri.ro\/index.php\/wp-json\/wp\/v2\/categories?post=32393"},{"taxonomy":"post_tag","embeddable":true,"href":"https:\/\/247stiri.ro\/index.php\/wp-json\/wp\/v2\/tags?post=32393"}],"curies":[{"name":"wp","href":"https:\/\/api.w.org\/{rel}","templated":true}]}}