{"id":32425,"date":"2025-02-17T17:48:45","date_gmt":"2025-02-17T17:48:45","guid":{"rendered":"https:\/\/247stiri.ro\/index.php\/2025\/02\/17\/trump-lucram-intens-la-obtinerea-pacii-in-ucraina-putin-si-zelenski-vor-incheierea-razboiului\/"},"modified":"2025-02-17T17:48:45","modified_gmt":"2025-02-17T17:48:45","slug":"trump-lucram-intens-la-obtinerea-pacii-in-ucraina-putin-si-zelenski-vor-incheierea-razboiului","status":"publish","type":"post","link":"https:\/\/247stiri.ro\/index.php\/2025\/02\/17\/trump-lucram-intens-la-obtinerea-pacii-in-ucraina-putin-si-zelenski-vor-incheierea-razboiului\/","title":{"rendered":"Trump: Lucr\u0103m intens la ob\u021binerea p\u0103cii \u00een Ucraina. Putin \u0219i Zelenski vor \u00eencheierea r\u0103zboiului"},"content":{"rendered":"<p>\u201e\u00cencerc\u0103m s\u0103 ob\u021binem pacea \u00eentre Rusia \u0219i Ucraina \u0219i lucr\u0103m intens la asta. Este un r\u0103zboi care nu ar fi trebuit s\u0103 \u00eenceap\u0103 niciodat\u0103.<\/p>\n<p>Va fi implicat, da (n.r. Zelenski \u00een tratativele pentru pace).\u201d, a declarat pre\u0219edintele SUA, Donald Trump.<\/p>\n<p>\u00centrebat de reporteri ce \u00ee\u0219i dore\u0219te Zelenski pentru Ucraina, Trump a afirmat c\u0103 \u00ee\u0219i dore\u0219te \u00eencheierea r\u0103zboiului c\u00e2t mai repede posibil.<\/p>\n<p>Cred c\u0103 vrea s\u0103 se opreasc\u0103. Asta a fost \u00eentrebarea mea pentru el, pentru c\u0103 dac\u0103 va continua va fi o mare problem\u0103 pentru noi.\u00a0<\/p>\n<p>Cred c\u0103 vrea s\u0103 \u00eencheie r\u0103zboiul (n.r. Putin) \u0219i vrea s\u0103-l \u00eencheie repede. Am\u00e2ndoi. \u0218i Zelenski vrea s\u0103-l \u00eencheie, de asemenea.<\/p>\n<p>Nu am stabilit o dat\u0103 dar ar putea fi foarte cur\u00e2nd. (n.r. \u00eent\u00e2lnirea cu Putin)<\/p>\n<p>Ar fi trebuit s\u0103 se \u00eent\u00e2mple \u00een urm\u0103 cu 4 ani, cu 3 ani, \u00eenainte s\u0103 \u00eenceap\u0103, dar ar fi trebuit s\u0103 se \u00eent\u00e2mple imediat dup\u0103 ce a \u00eenceput r\u0103zboiul. (n.r. \u00eent\u00e2lnirea).\u201d, a declarat pre\u0219edintele SUA, Donald Trump.<\/p>","protected":false},"excerpt":{"rendered":"<p>\u201e\u00cencerc\u0103m s\u0103 ob\u021binem pacea \u00eentre Rusia \u0219i Ucraina \u0219i lucr\u0103m intens la asta. Este un&hellip;<\/p>\n","protected":false},"author":0,"featured_media":32426,"comment_status":"open","ping_status":"open","sticky":false,"template":"","format":"standard","meta":{"footnotes":""},"categories":[2],"tags":[],"class_list":["post-32425","post","type-post","status-publish","format-standard","has-post-thumbnail","hentry","category-actual"],"_links":{"self":[{"href":"https:\/\/247stiri.ro\/index.php\/wp-json\/wp\/v2\/posts\/32425","targetHints":{"allow":["GET"]}}],"collection":[{"href":"https:\/\/247stiri.ro\/index.php\/wp-json\/wp\/v2\/posts"}],"about":[{"href":"https:\/\/247stiri.ro\/index.php\/wp-json\/wp\/v2\/types\/post"}],"replies":[{"embeddable":true,"href":"https:\/\/247stiri.ro\/index.php\/wp-json\/wp\/v2\/comments?post=32425"}],"version-history":[{"count":0,"href":"https:\/\/247stiri.ro\/index.php\/wp-json\/wp\/v2\/posts\/32425\/revisions"}],"wp:featuredmedia":[{"embeddable":true,"href":"https:\/\/247stiri.ro\/index.php\/wp-json\/wp\/v2\/media\/32426"}],"wp:attachment":[{"href":"https:\/\/247stiri.ro\/index.php\/wp-json\/wp\/v2\/media?parent=32425"}],"wp:term":[{"taxonomy":"category","embeddable":true,"href":"https:\/\/247stiri.ro\/index.php\/wp-json\/wp\/v2\/categories?post=32425"},{"taxonomy":"post_tag","embeddable":true,"href":"https:\/\/247stiri.ro\/index.php\/wp-json\/wp\/v2\/tags?post=32425"}],"curies":[{"name":"wp","href":"https:\/\/api.w.org\/{rel}","templated":true}]}}