{"id":32427,"date":"2025-02-17T17:48:46","date_gmt":"2025-02-17T17:48:46","guid":{"rendered":"https:\/\/247stiri.ro\/index.php\/2025\/02\/17\/burduja-promite-energie-accesibila-fara-cresteri-bruste-ale-facturilor-guvernul-va-lua-masuri-pentru-a-evita-cresterile-necontrolate\/"},"modified":"2025-02-17T17:48:46","modified_gmt":"2025-02-17T17:48:46","slug":"burduja-promite-energie-accesibila-fara-cresteri-bruste-ale-facturilor-guvernul-va-lua-masuri-pentru-a-evita-cresterile-necontrolate","status":"publish","type":"post","link":"https:\/\/247stiri.ro\/index.php\/2025\/02\/17\/burduja-promite-energie-accesibila-fara-cresteri-bruste-ale-facturilor-guvernul-va-lua-masuri-pentru-a-evita-cresterile-necontrolate\/","title":{"rendered":"Burduja promite \u201eenergie accesibil\u0103 f\u0103r\u0103 cre\u0219teri bru\u0219te ale facturilor\u201d. Guvernul va lua m\u0103suri pentru a evita cre\u0219terile necontrolate"},"content":{"rendered":"<p>Burduja spune c\u0103 a participat, luni, la Palatul Victoria, la \u015fedin\u0163a Comitetului Interministerial pentru protejarea consumatorilor vulnerabili \u015fi combaterea s\u0103r\u0103ciei energetice, al\u0103turi de vicepremierul Marian Neac\u015fu, reprezentan\u0163i ai ministerelor, ANRE, Consiliul Concuren\u0163ei \u015fi principalii actori din energie.<\/p>\n<p>\u00cen cadrul \u00eent\u00e2nirii, s-a discutat despre viitorul mecanismului de plafonare \u015fi compensare a pre\u0163urilor dup\u0103 1 aprilie 2025. Ministrul Energiei promite c\u0103 p\u00e2n\u0103 la finalul s\u0103pt\u0103m\u00e2nii, se va publica \u00een transparen\u0163\u0103 propunerea de act normativ privind noua schem\u0103 de sprijin.<\/p>\n<p>\u201eScenariul de baz\u0103 este continuarea actualei scheme pentru minim 3 luni pentru energie electric\u0103, iar pentru gaze pentru 12 luni, ca s\u0103 acoperim anul gazier \u015fi s\u0103 sus\u0163inem procesul de reumplere a depozitelor de gaze, pe parcursul acestui an. Analiz\u0103m solu\u0163ii pentru a men\u0163ine energia accesibil\u0103 f\u0103r\u0103 cre\u015fteri bru\u015fte ale facturilor. Propunem m\u0103suri tranzitorii pentru o pia\u0163\u0103 mai transparent\u0103, mai lichid\u0103 \u015fi mai stabil\u0103. Dup\u0103 finalizarea prelungirii schemei de compensare-plafonare, vom implementa noi forme de sprijin pentru consumatorii vulnerabili prin carduri sau vouchere de energie. Un sprijin mai bine \u0163intit, pentru cei care au cu adev\u0103rat nevoie de el. Prioritatea noastr\u0103 zero r\u0103m\u00e2ne protejarea rom\u00e2nilor! Ne asigur\u0103m c\u0103 fiecare familie \u015fi afacere va avea acces la energie la pre\u0163uri echilibrate, men\u0163in\u00e2nd competitivitatea economic\u0103 a \u0163\u0103rii\u201d, spune Burduja, pe Facebook.<\/p>\n<p>Potrivit ministrului, Rom\u00e2nia are al 4-lea cel mai ieftin gaz \u015fi a 5-a cea mai ieftin\u0103 energie electric\u0103 din UE, conform Eurostat, pe baza actualei scheme de compensare-plafonare. Pre\u0163urile la energie sunt influen\u0163ate de factori geopolitici \u015fi decizii externe, iar Guvernul Rom\u00e2niei ia m\u0103suri pentru a evita cre\u015fterile necontrolate. De altfel, \u00een ultima perioad\u0103, pre\u0163ul gazului a crescut cu 40% \u015fi pre\u0163ul energiei electrice cu 25%, iar \u00een lipsa compens\u0103rii-plafon\u0103ri aceste evolu\u0163ii s-ar fi reflectat direct \u00een facturi. Singura solu\u0163ie pe termen mediu \u015fi lung pentru reducerea facturilor este cre\u015fterea capacit\u0103\u0163ii de produc\u0163ie de energie electric\u0103 \u015fi gaz \u00een Rom\u00e2nia.<\/p>\n<p>Anul trecut a \u00eensemnat un num\u0103r record de proiecte noi puse \u00een func\u0163iune, cu peste 1200MW (c\u0103rbune, solar, eolian, baterii). Anul acesta Ministerul Energiei \u015fi-a propus s\u0103 dubleze aceast\u0103 performan\u0163\u0103: \u201ePrin fiecare MW nou, prin fiecare investi\u0163ie nou\u0103, Rom\u00e2nia \u00ee\u015fi consolideaz\u0103 independen\u0163a energetic\u0103 \u015fi beneficiaz\u0103 de mai mult\u0103 energie sigur\u0103, ieftin\u0103 \u015fi curat\u0103 \u2014 \u00een aceast\u0103 ordine de priorit\u0103\u0163i. Ca pa\u015fi urm\u0103tori pentru aceste zile, vom pune p\u00e2n\u0103 la finalul acestei s\u0103pt\u0103m\u00e2ni propunerea de ordonan\u0163\u0103 de urgen\u0163\u0103 \u00een transparen\u0163\u0103 decizional\u0103, iar s\u0103pt\u0103m\u00e2na viitoare ne dorim s\u0103 adopt\u0103m actul normativ \u00een guvern. P\u00e2n\u0103 atunci, continu\u0103m consult\u0103rile cu toate p\u0103r\u0163ile interesate, pentru a asigura func\u0163ionarea corect\u0103 a sectorului energetic rom\u00e2nesc. Obiectivul principal r\u0103m\u00e2ne protejarea cet\u0103\u0163enilor rom\u00e2ni\u201d.<\/p>","protected":false},"excerpt":{"rendered":"<p>Burduja spune c\u0103 a participat, luni, la Palatul Victoria, la \u015fedin\u0163a Comitetului Interministerial pentru protejarea&hellip;<\/p>\n","protected":false},"author":0,"featured_media":32428,"comment_status":"open","ping_status":"open","sticky":false,"template":"","format":"standard","meta":{"footnotes":""},"categories":[2],"tags":[],"class_list":["post-32427","post","type-post","status-publish","format-standard","has-post-thumbnail","hentry","category-actual"],"_links":{"self":[{"href":"https:\/\/247stiri.ro\/index.php\/wp-json\/wp\/v2\/posts\/32427","targetHints":{"allow":["GET"]}}],"collection":[{"href":"https:\/\/247stiri.ro\/index.php\/wp-json\/wp\/v2\/posts"}],"about":[{"href":"https:\/\/247stiri.ro\/index.php\/wp-json\/wp\/v2\/types\/post"}],"replies":[{"embeddable":true,"href":"https:\/\/247stiri.ro\/index.php\/wp-json\/wp\/v2\/comments?post=32427"}],"version-history":[{"count":0,"href":"https:\/\/247stiri.ro\/index.php\/wp-json\/wp\/v2\/posts\/32427\/revisions"}],"wp:featuredmedia":[{"embeddable":true,"href":"https:\/\/247stiri.ro\/index.php\/wp-json\/wp\/v2\/media\/32428"}],"wp:attachment":[{"href":"https:\/\/247stiri.ro\/index.php\/wp-json\/wp\/v2\/media?parent=32427"}],"wp:term":[{"taxonomy":"category","embeddable":true,"href":"https:\/\/247stiri.ro\/index.php\/wp-json\/wp\/v2\/categories?post=32427"},{"taxonomy":"post_tag","embeddable":true,"href":"https:\/\/247stiri.ro\/index.php\/wp-json\/wp\/v2\/tags?post=32427"}],"curies":[{"name":"wp","href":"https:\/\/api.w.org\/{rel}","templated":true}]}}