{"id":32453,"date":"2025-02-17T19:45:05","date_gmt":"2025-02-17T19:45:05","guid":{"rendered":"https:\/\/247stiri.ro\/index.php\/2025\/02\/17\/calin-georgescu-mesaj-de-unitate-si-actiune-pentru-romani-pe-21-si-22-februarie-ne-luam-tara-inapoi\/"},"modified":"2025-02-17T19:45:05","modified_gmt":"2025-02-17T19:45:05","slug":"calin-georgescu-mesaj-de-unitate-si-actiune-pentru-romani-pe-21-si-22-februarie-ne-luam-tara-inapoi","status":"publish","type":"post","link":"https:\/\/247stiri.ro\/index.php\/2025\/02\/17\/calin-georgescu-mesaj-de-unitate-si-actiune-pentru-romani-pe-21-si-22-februarie-ne-luam-tara-inapoi\/","title":{"rendered":"C\u0103lin Georgescu, mesaj de unitate \u0219i ac\u021biune pentru rom\u00e2ni: \u201dPe 21 \u0219i 22 februarie ne lu\u0103m \u021bara \u00eenapoi\u201d"},"content":{"rendered":"<p>\u201dNoi, poporul, am c\u00e2\u0219tigat deja! Acum, este r\u00e2ndul sistemului s\u0103 accepte c\u0103 a pierdut. Ce se va \u00eent\u00e2mpla \u00een zilele urm\u0103toare? Ei bine, pe 21 \u0219i 22 ne lu\u0103m \u021bara \u00eenapoi! Acum, la 35 de ani de la Revolu\u021bie, istoria se repet\u0103, doar c\u0103 nu mai este \u00eentr-o lun\u0103 de decembrie, ci va fi pe 21, 22 februarie.<\/p>\n<p>Pentru to\u021bi cei care ne-au min\u021bit \u0219i ne-au furat votul pe 6 decembrie, vom avea acum cel mai puternic mesaj. Anul trecut, \u00een octombrie, ne-am unit pentru un ideal comun: Eliberarea de sistemul toxic-globalist-oligarhic. Am c\u00e2\u0219tigat! \u0218i atunci sistemul ce a f\u0103cut? Ne-a arestat dreptul de a alege liber, dar noi am r\u0103mas puternici, ne-am unit \u00een pie\u021be, \u00een casele \u0219i \u00een sufletele noastre. Ne-am legat \u00een marea hor\u0103 a neamului.(&#8230;)<\/p>\n<p>Dragii mei, pe 22 februarie v\u0103 rog s\u0103 d\u0103m cel mai puternic mesaj de p\u00e2n\u0103 acum, pentru noi \u0219i pentru libertatea noastr\u0103 \u0219i a copiilor, copiilor no\u0219tri\u201d, a declarat C\u0103lin Georgescu.<\/p>\n<p>Vezi mesajul integral al pre\u0219edintelui ales aici:\u00a0<\/p>","protected":false},"excerpt":{"rendered":"<p>\u201dNoi, poporul, am c\u00e2\u0219tigat deja! Acum, este r\u00e2ndul sistemului s\u0103 accepte c\u0103 a pierdut. Ce&hellip;<\/p>\n","protected":false},"author":0,"featured_media":32452,"comment_status":"open","ping_status":"open","sticky":false,"template":"","format":"standard","meta":{"footnotes":""},"categories":[2],"tags":[],"class_list":["post-32453","post","type-post","status-publish","format-standard","has-post-thumbnail","hentry","category-actual"],"_links":{"self":[{"href":"https:\/\/247stiri.ro\/index.php\/wp-json\/wp\/v2\/posts\/32453","targetHints":{"allow":["GET"]}}],"collection":[{"href":"https:\/\/247stiri.ro\/index.php\/wp-json\/wp\/v2\/posts"}],"about":[{"href":"https:\/\/247stiri.ro\/index.php\/wp-json\/wp\/v2\/types\/post"}],"replies":[{"embeddable":true,"href":"https:\/\/247stiri.ro\/index.php\/wp-json\/wp\/v2\/comments?post=32453"}],"version-history":[{"count":0,"href":"https:\/\/247stiri.ro\/index.php\/wp-json\/wp\/v2\/posts\/32453\/revisions"}],"wp:featuredmedia":[{"embeddable":true,"href":"https:\/\/247stiri.ro\/index.php\/wp-json\/wp\/v2\/media\/32452"}],"wp:attachment":[{"href":"https:\/\/247stiri.ro\/index.php\/wp-json\/wp\/v2\/media?parent=32453"}],"wp:term":[{"taxonomy":"category","embeddable":true,"href":"https:\/\/247stiri.ro\/index.php\/wp-json\/wp\/v2\/categories?post=32453"},{"taxonomy":"post_tag","embeddable":true,"href":"https:\/\/247stiri.ro\/index.php\/wp-json\/wp\/v2\/tags?post=32453"}],"curies":[{"name":"wp","href":"https:\/\/api.w.org\/{rel}","templated":true}]}}