{"id":32456,"date":"2025-02-17T19:45:06","date_gmt":"2025-02-17T19:45:06","guid":{"rendered":"https:\/\/247stiri.ro\/index.php\/2025\/02\/17\/doliu-in-fotbalul-romanesc-a-murit-un-fost-conducator-al-clubului-uta-si-inspector-la-finantele-din-arad\/"},"modified":"2025-02-17T19:45:06","modified_gmt":"2025-02-17T19:45:06","slug":"doliu-in-fotbalul-romanesc-a-murit-un-fost-conducator-al-clubului-uta-si-inspector-la-finantele-din-arad","status":"publish","type":"post","link":"https:\/\/247stiri.ro\/index.php\/2025\/02\/17\/doliu-in-fotbalul-romanesc-a-murit-un-fost-conducator-al-clubului-uta-si-inspector-la-finantele-din-arad\/","title":{"rendered":"Doliu \u00een fotbalul rom\u00e2nesc. A murit un fost conduc\u0103tor al clubului UTA \u0219i inspector la Finan\u021bele din Arad"},"content":{"rendered":"<p>Olaru a fost chiar negociatorul clubului \u00een momentul \u00een care Dieter Kaas, un om de afaceri din Austria, \u0219i-a exprimat inten\u021bia de a prelua clubul. Se \u0219tie acum c\u0103 UTA nu a avut o soart\u0103 fericit\u0103 atunci, ajung\u00e2nd s\u0103 se retrag\u0103 din campionat \u00een 2014 dup\u0103 o retrogradare \u00een Liga a 3-a \u0219i apoi s\u0103 dispar\u0103 efectiv.<\/p>\n<p>Conform presei locale, Iulian Olaru, \u00een v\u00e2rst\u0103 de 58 de ani, se afla la terapie intensiv\u0103 de cinci zile, dup\u0103 ce casa sa din comuna ar\u0103dean\u0103 F\u00e2nt\u00e2nele a ars \u00een urma unui incendiu pornit, se pare, de la centrala termic\u0103. El a fost g\u0103sit \u00een stop cardiorespirator, intoxicat cu fum, dar a r\u0103spuns manevrelor de resuscitare, \u00eens\u0103 de cinci zile se afla \u00een stare comatoas\u0103 la Spitalul Clinic Jude\u021bean din Arad. Tot acolo, din informa\u021biile noastre, sunt \u0219i so\u021bia \u0219i unul dintre copii, iar al doilea copil al s\u0103u s-a salvat s\u0103rind pe geam.<\/p>\n<p>Iulian Olaru lucra ca inspector superior la Direc\u021bia General\u0103 a Finan\u021belor din Arad.<\/p>","protected":false},"excerpt":{"rendered":"<p>Olaru a fost chiar negociatorul clubului \u00een momentul \u00een care Dieter Kaas, un om de&hellip;<\/p>\n","protected":false},"author":0,"featured_media":32448,"comment_status":"open","ping_status":"open","sticky":false,"template":"","format":"standard","meta":{"footnotes":""},"categories":[2],"tags":[],"class_list":["post-32456","post","type-post","status-publish","format-standard","has-post-thumbnail","hentry","category-actual"],"_links":{"self":[{"href":"https:\/\/247stiri.ro\/index.php\/wp-json\/wp\/v2\/posts\/32456","targetHints":{"allow":["GET"]}}],"collection":[{"href":"https:\/\/247stiri.ro\/index.php\/wp-json\/wp\/v2\/posts"}],"about":[{"href":"https:\/\/247stiri.ro\/index.php\/wp-json\/wp\/v2\/types\/post"}],"replies":[{"embeddable":true,"href":"https:\/\/247stiri.ro\/index.php\/wp-json\/wp\/v2\/comments?post=32456"}],"version-history":[{"count":0,"href":"https:\/\/247stiri.ro\/index.php\/wp-json\/wp\/v2\/posts\/32456\/revisions"}],"wp:featuredmedia":[{"embeddable":true,"href":"https:\/\/247stiri.ro\/index.php\/wp-json\/wp\/v2\/media\/32448"}],"wp:attachment":[{"href":"https:\/\/247stiri.ro\/index.php\/wp-json\/wp\/v2\/media?parent=32456"}],"wp:term":[{"taxonomy":"category","embeddable":true,"href":"https:\/\/247stiri.ro\/index.php\/wp-json\/wp\/v2\/categories?post=32456"},{"taxonomy":"post_tag","embeddable":true,"href":"https:\/\/247stiri.ro\/index.php\/wp-json\/wp\/v2\/tags?post=32456"}],"curies":[{"name":"wp","href":"https:\/\/api.w.org\/{rel}","templated":true}]}}