{"id":32457,"date":"2025-02-17T19:45:06","date_gmt":"2025-02-17T19:45:06","guid":{"rendered":"https:\/\/247stiri.ro\/index.php\/2025\/02\/17\/alerta-in-muntii-bucegi-risc-urias-de-avalansa-avertismentul-meteorologilor\/"},"modified":"2025-02-17T19:45:06","modified_gmt":"2025-02-17T19:45:06","slug":"alerta-in-muntii-bucegi-risc-urias-de-avalansa-avertismentul-meteorologilor","status":"publish","type":"post","link":"https:\/\/247stiri.ro\/index.php\/2025\/02\/17\/alerta-in-muntii-bucegi-risc-urias-de-avalansa-avertismentul-meteorologilor\/","title":{"rendered":"Alert\u0103 \u00een Mun\u021bii Bucegi, risc uria\u0219 de avalan\u0219\u0103. Avertismentul meteorologilor"},"content":{"rendered":"<p>Potrivit lor, stratul superior de z\u0103pad\u0103 nou-c\u0103zut\u0103 este u\u0219or \u0219i f\u0103r\u0103 aderen\u021b\u0103 la stratul vechi, ceea ce \u00eenseamn\u0103 c\u0103 acesta se poate fisura \u0219i aluneca, declan\u0219\u00e2nd <a href=\"https:\/\/www.realitatea.net\/stiri\/lifestyle\/risc-insemnat-de-avalanse-in-muntii-bucegi-fagaras-parang-sureanu-tarcu-si-godeanu_676e7061a30d8267312f21e8\" target=\"_blank\">avalan\u0219e<\/a> de dimensiuni medii, iar \u00een unele cazuri, chiar mari.<\/p>\n<p>\u201eLa peste 1.800 m, z\u0103pada nou-c\u0103zut\u0103, de 15-20 cm, este de tip pulver, u\u015foar\u0103, f\u0103r\u0103 consisten\u0163\u0103 \u015fi pu\u0163in stabil\u0103. Pe v\u0103i \u015fi \u00een zonele ad\u0103postite sunt \u00eens\u0103 depozite mai \u00eensemnate, de 50-60 cm. Stratul de pulver este depus peste stratul u\u015for de 5-10 cm existent \u00eenaintea ninsorilor, sub care se afl\u0103 z\u0103pada veche \u015fi deja \u00eent\u0103rit\u0103, la care nu prezint\u0103 aderen\u0163\u0103. \u00cen apropierea crestelor sunt formate unele pl\u0103ci de v\u00e2nt, fragile \u015fi cu rezisten\u0163\u0103 sc\u0103zut\u0103\u201d, au explicat meteorologii sibieni \u00een Buletinul nivometeorologic.<\/p>\n<p>Totodat\u0103, speciali\u0219tii spun c\u0103 temperaturile se vor men\u021bine sc\u0103zute, ceea ce va face ca z\u0103pada s\u0103 \u00ee\u0219i p\u0103streze structura.<\/p>\n<p>\u00cen continuare, metamorfoza z\u0103pezii va fi \u00eencetinit\u0103 de temperaturile extrem de sc\u0103zute care se vor \u00eenregistra, astfel \u00eenc\u00e2t aceasta \u00ee\u015fi va p\u0103stra structura. Stratul de pulver va mai cre\u015fte, astfel \u00eenc\u00e2t, chiar \u015fi la supra\u00eenc\u0103rc\u0103ri slabe, se poate fisura \u015fi disloca, alunec\u00e2nd peste stratul \u00eent\u0103rit din interior \u015fi duc\u00e2nd la declan\u015farea de avalan\u015fe de dimensiuni medii, izolat mari &#8211; riscul va fi \u00eensemnat (3)\u201d, au mai spus meteorologii.\u00a0<\/p>\n<p>C\u00e2t despre celelalte masive din \u0163ar\u0103, ace\u0219tia au men\u021bionat c\u0103 riscul de avalan\u015f\u0103 este mai mic, de gradul 2 \u015fi 1.<\/p>","protected":false},"excerpt":{"rendered":"<p>Potrivit lor, stratul superior de z\u0103pad\u0103 nou-c\u0103zut\u0103 este u\u0219or \u0219i f\u0103r\u0103 aderen\u021b\u0103 la stratul vechi,&hellip;<\/p>\n","protected":false},"author":0,"featured_media":32458,"comment_status":"open","ping_status":"open","sticky":false,"template":"","format":"standard","meta":{"footnotes":""},"categories":[2],"tags":[],"class_list":["post-32457","post","type-post","status-publish","format-standard","has-post-thumbnail","hentry","category-actual"],"_links":{"self":[{"href":"https:\/\/247stiri.ro\/index.php\/wp-json\/wp\/v2\/posts\/32457","targetHints":{"allow":["GET"]}}],"collection":[{"href":"https:\/\/247stiri.ro\/index.php\/wp-json\/wp\/v2\/posts"}],"about":[{"href":"https:\/\/247stiri.ro\/index.php\/wp-json\/wp\/v2\/types\/post"}],"replies":[{"embeddable":true,"href":"https:\/\/247stiri.ro\/index.php\/wp-json\/wp\/v2\/comments?post=32457"}],"version-history":[{"count":0,"href":"https:\/\/247stiri.ro\/index.php\/wp-json\/wp\/v2\/posts\/32457\/revisions"}],"wp:featuredmedia":[{"embeddable":true,"href":"https:\/\/247stiri.ro\/index.php\/wp-json\/wp\/v2\/media\/32458"}],"wp:attachment":[{"href":"https:\/\/247stiri.ro\/index.php\/wp-json\/wp\/v2\/media?parent=32457"}],"wp:term":[{"taxonomy":"category","embeddable":true,"href":"https:\/\/247stiri.ro\/index.php\/wp-json\/wp\/v2\/categories?post=32457"},{"taxonomy":"post_tag","embeddable":true,"href":"https:\/\/247stiri.ro\/index.php\/wp-json\/wp\/v2\/tags?post=32457"}],"curies":[{"name":"wp","href":"https:\/\/api.w.org\/{rel}","templated":true}]}}