{"id":32459,"date":"2025-02-17T19:45:07","date_gmt":"2025-02-17T19:45:07","guid":{"rendered":"https:\/\/247stiri.ro\/index.php\/2025\/02\/17\/pe-nicusor-dan-nu-l-mai-intereseaza-primaria-capitalei-ii-lasa-pe-altii-sa-i-faca-lui-treaba\/"},"modified":"2025-02-17T19:45:07","modified_gmt":"2025-02-17T19:45:07","slug":"pe-nicusor-dan-nu-l-mai-intereseaza-primaria-capitalei-ii-lasa-pe-altii-sa-i-faca-lui-treaba","status":"publish","type":"post","link":"https:\/\/247stiri.ro\/index.php\/2025\/02\/17\/pe-nicusor-dan-nu-l-mai-intereseaza-primaria-capitalei-ii-lasa-pe-altii-sa-i-faca-lui-treaba\/","title":{"rendered":"Pe Nicu\u0219or Dan nu-l mai intereseaz\u0103 Prim\u0103ria Capitalei. \u00cei las\u0103 pe al\u021bii s\u0103-i fac\u0103 lui treaba"},"content":{"rendered":"<p>\u00cencep\u00e2nd de luni, primarul general a delegat administratorului public \u0218tefan Lucian Judele coordonarea activit\u0103\u021bii urm\u0103toarelor direc\u021bii, institu\u021bii \u0219i servicii publice de interes local ale municipalit\u0103\u021bii:* Direc\u021bia General\u0103 Servicii Publice* Direc\u021bia de Mediu &#8211; Serviciul Monitorizarea Calit\u0103\u021bii Mediului, Serviciul Monitorizare Spa\u021bii Verzi \u0219i Serviciul Ecologie Urban\u0103* Direc\u021bia General\u0103 Management Proiecte cu Finan\u021bare Extern\u0103* Direc\u021bia Rela\u021bia cu ONG, Sindicate \u0219i Patronate* Direc\u021bia Rela\u021bii Externe \u0219i Protocol* Administra\u021bia Lacuri, Parcuri \u0219i Agrement Bucure\u0219ti* Administra\u021bia Spitalelor \u0219i Serviciilor Medicale Bucure\u0219ti,\u00e2* Direc\u021bia General\u0103 de Asisten\u021b\u0103 Social\u0103 a Municipiului Bucure\u0219ti* Centrul de Proiecte Educa\u021bionale \u0219i Sportive Bucure\u0219ti &#8211; PROEDUS* Administra\u021bia Str\u0103zilor Bucure\u0219ti* Administra\u021bia Cimitirelor \u0219i Crematoriilor Umane* Administra\u021bia Parcul Natural V\u0103c\u0103re\u0219ti.Administratorului public i-au fost delegate atribu\u021bii \u0219i \u00een domeniul proiectelor cu finan\u021bare extern\u0103.Conform inform\u0103rii PMB, totodat\u0103, &#8222;av\u00e2nd \u00een vedere agenda foarte \u00eenc\u0103rcat\u0103 a primarului general din aceast\u0103 perioad\u0103, pentru a asigura func\u021bionarea optim\u0103 a institu\u021biei&#8221;, acesta a delegat o parte dintre atribu\u021biile sale, p\u00e2n\u0103 pe 30 aprilie, urm\u0103torilor:* directorul general al Direc\u021biei Generale Economice &#8211; ordonator de credite (tot ce \u021bine de finan\u021be, pl\u0103\u021bi)* directorul executiv al Direc\u021biei Administra\u021bie Public\u0103 &#8211; semneaz\u0103 ca reprezentant al Municipiului Bucure\u0219ti \u00een Comisia de avizare a cererilor de organizare a adun\u0103rilor publice \u0219i \u00een domeniul resurselor umane* directorul executiv al Direc\u021biei Patrimoniu &#8211; cereri de recep\u021bie \u0219i \u00eenscriere \u00een Cartea Funciar\u0103 a imobilelor apar\u021bin\u00e2nd Municipiului Bucure\u0219ti.<\/p>","protected":false},"excerpt":{"rendered":"<p>\u00cencep\u00e2nd de luni, primarul general a delegat administratorului public \u0218tefan Lucian Judele coordonarea activit\u0103\u021bii urm\u0103toarelor&hellip;<\/p>\n","protected":false},"author":0,"featured_media":32460,"comment_status":"open","ping_status":"open","sticky":false,"template":"","format":"standard","meta":{"footnotes":""},"categories":[2],"tags":[],"class_list":["post-32459","post","type-post","status-publish","format-standard","has-post-thumbnail","hentry","category-actual"],"_links":{"self":[{"href":"https:\/\/247stiri.ro\/index.php\/wp-json\/wp\/v2\/posts\/32459","targetHints":{"allow":["GET"]}}],"collection":[{"href":"https:\/\/247stiri.ro\/index.php\/wp-json\/wp\/v2\/posts"}],"about":[{"href":"https:\/\/247stiri.ro\/index.php\/wp-json\/wp\/v2\/types\/post"}],"replies":[{"embeddable":true,"href":"https:\/\/247stiri.ro\/index.php\/wp-json\/wp\/v2\/comments?post=32459"}],"version-history":[{"count":0,"href":"https:\/\/247stiri.ro\/index.php\/wp-json\/wp\/v2\/posts\/32459\/revisions"}],"wp:featuredmedia":[{"embeddable":true,"href":"https:\/\/247stiri.ro\/index.php\/wp-json\/wp\/v2\/media\/32460"}],"wp:attachment":[{"href":"https:\/\/247stiri.ro\/index.php\/wp-json\/wp\/v2\/media?parent=32459"}],"wp:term":[{"taxonomy":"category","embeddable":true,"href":"https:\/\/247stiri.ro\/index.php\/wp-json\/wp\/v2\/categories?post=32459"},{"taxonomy":"post_tag","embeddable":true,"href":"https:\/\/247stiri.ro\/index.php\/wp-json\/wp\/v2\/tags?post=32459"}],"curies":[{"name":"wp","href":"https:\/\/api.w.org\/{rel}","templated":true}]}}