{"id":32468,"date":"2025-02-17T20:44:57","date_gmt":"2025-02-17T20:44:57","guid":{"rendered":"https:\/\/247stiri.ro\/index.php\/2025\/02\/17\/greseala-care-ne-poate-duce-direct-in-iad-parintele-pimen-vlad-arunca-bomba-asa-va-smintiti\/"},"modified":"2025-02-17T20:44:57","modified_gmt":"2025-02-17T20:44:57","slug":"greseala-care-ne-poate-duce-direct-in-iad-parintele-pimen-vlad-arunca-bomba-asa-va-smintiti","status":"publish","type":"post","link":"https:\/\/247stiri.ro\/index.php\/2025\/02\/17\/greseala-care-ne-poate-duce-direct-in-iad-parintele-pimen-vlad-arunca-bomba-asa-va-smintiti\/","title":{"rendered":"Gre\u0219eala care ne poate duce direct \u00een iad. P\u0103rintele Pimen Vlad arunc\u0103 bomba: \u201dA\u0219a v\u0103 sminti\u021bi\u201d"},"content":{"rendered":"<p>\u00cen urm\u0103 cu ceva timp, <a href=\"https:\/\/www.realitatea.net\/stiri\/actual\/parintele-vlad-pimen-declaratiisoc-despre-femeile-care-fac-avort-tu-intalnesti-acolo-la-dumnezeu-pe-copilul-tau-care-e-avocatul-acuzarii_65f35d3378c040577f499262\" target=\"_blank\">p\u0103rintele Pimen<\/a> a vorbit despre gre\u0219eala pe care o fac foarte mul\u021bi oameni \u0219i care \u00eei poate duce direct \u00een iad. Este vorba despre o gre\u0219eal\u0103 frecvent \u00eent\u00e2lnit\u0103 \u0219i anume: Tendin\u021ba de a judeca rapid \u0219i aspru pe cei din jurul nostru atunci c\u00e2nd observ\u0103m la ei o mic\u0103 gre\u0219eal\u0103.<\/p>\n<p>Totodat\u0103, duhovnicul a atras aten\u021bia c\u0103 \u00een prezent exist\u0103 pericolul idolatriz\u0103rii oamenilor, \u00een special a figurilor duhovnice\u0219ti sau a celor considera\u021bi modele morale.\u00a0<\/p>\n<p>\u201dDe multe ori suntem cu inten\u021bia asta de a judeca, cum vedem pe unul c\u0103 a f\u0103cut o mic\u0103 gre\u0219eal\u0103: \u201eDar uite ce-o f\u0103cut. Ce credeam eu despre el. Uite ce om era \u0219i uite ce-o f\u0103cut. Gata! Nu mai vreau s\u0103 aud de el.\u201d Foarte repede ne \u00eempiedic\u0103m cu to\u021bii de lucrul \u0103sta. Uneori ne facem c\u00e2te o impresie de cineva: \u201eDomnule, \u0103sta-i om sf\u00e2nt.\u201d \u00cel punem pe un postament \u0219i ni-l fix\u0103m de model cum vrem noi, facem o statuie din aia perfect\u0103.<\/p>\n<p>Dar acela-i om \u0219i el, cu neputin\u021b\u0103, cum sunt \u0219i eu, \u0219i al\u021bii, suntem oameni. Dar omul acela n-o spus \u2013 la fel cum v-am zis \u0219i eu de at\u00e2tea ori, eu n-am spus c\u0103-s perfect, n-am spus c\u0103 n-am gre\u0219eli, c\u0103 n-am p\u0103cate\u2026 Nu! Sunt om.<\/p>\n<p>De-asta, de multe ori am mai atras \u0219i eu aten\u021bia, nu mai veni\u021bi \u00een Athos pentru mine sau pentru alt p\u0103rinte, veni\u021bi pentru Maica Domnului, pentru c\u0103 noi suntem oameni. Dac\u0103 \u00ee\u021bi faci un fel de idol din om, tu \u021bi-l faci dup\u0103 un model \u00een capul t\u0103u \u0219i a\u0219tep\u021bi ca el s\u0103 fie perfect \u0219i vezi c\u0103-i om. \u0218i c\u00e2nd vezi c\u0103 nu este cum \u021bi-ai f\u0103cut tu modelul \u00een cap, te sminte\u0219ti \u0219i spui: \u201eVai, dar ce m-am a\u0219teptat eu ca \u0103sta s\u0103 fie sf\u00e2nt, s\u0103 fie \u00eenger \u0219i uite ce face!\u201d. Dar el nu \u021bi-o spus c\u0103 este a\u0219a. El \u021bi-o spus c\u0103-i om \u0219i el, are gre\u0219elile lui. Eu \u00eent\u00e2lnesc oameni, discut cu ei \u0219i \u00eemi spun \u0219i ei neputin\u021bele \u0219i greut\u0103\u021bile lor.<\/p>\n<p>\u2013 M\u0103i, sta\u021bi lini\u0219ti\u021bi c\u0103 \u0219i eu m\u0103 lupt cu mine, cu g\u00e2ndurile mele, cu luptele mele, trag de mine.\u2013 Nu, p\u0103rinte, sfin\u021bia ta\u2026 e\u0219ti sf\u00e2nt. Las\u0103-m\u0103 c\u0103 \u0219tiu eu, e\u0219ti \u00eenger.\u2013 M\u0103i, oameni buni! Nu mai spune\u021bi lucrul \u0103sta, sunt om ca to\u021bi oamenii.\u2013 Nu, nu, nu.<\/p>\n<p>De asta v\u0103 spun: nu v\u0103 mai face\u021bi idoli din oameni, indiferent c\u00e2t de buni or fi, pentru c\u0103 sunt oameni \u0219i gre\u0219esc \u0219i atunci v\u0103 sminti\u021bi. Nu! G\u00e2ndi\u021bi-v\u0103 c\u0103 \u0219i ei sunt oameni, lua\u021bi cuv\u00e2ntul pe care vi-l spun cu drag, folosi\u021bi-v\u0103, dar a\u0219tepta\u021bi-v\u0103 \u0219i de la ei s\u0103 mai fac\u0103 \u0219i gre\u0219eli, ca s\u0103 nu se \u00eent\u00e2mple ca la Intrarea M\u00e2ntuitorului \u00een Ierusalim, c\u00e2nd i-au strigat osanale \u0219i dup\u0103 trei zile aceia\u0219i oameni strigau \u201dR\u0103stigne\u0219te-L!\u201d. S\u0103 fim cu mare aten\u021bie pentru c\u0103 ajungem s\u0103 judec\u0103m: ne facem o idee despre un om, dup\u0103 aia nu corespunde a\u0219tept\u0103rii noastre \u0219i \u00eencepem s\u0103-l judec\u0103m, ne smintim de el, suntem nemul\u021bumi\u021bi \u201dUite cum \u00eei omul acela!\u201d. Omul acela este ca mai \u00eenainte, trage de el, se lupt\u0103, merge \u00eenainte, dar tu r\u0103m\u00e2i smintit pentru c\u0103 mintea ta se a\u0219tepta la cu totul altceva, \u021bi-ai format o idee \u0219i nu este bine lucrul \u0103sta.<\/p>\n<p>Aminti\u021bi-v\u0103 c\u0103 to\u021bi sunt oameni \u0219i to\u021bi au neputin\u021be, dar to\u021bi vor s\u0103 se m\u00e2ntuiasc\u0103 \u0219i atunci trag de ei, se lupt\u0103, merg \u00eenainte, se \u00eempiedic\u0103, cad, se ridic\u0103 \u0219i n\u0103d\u0103jduiesc la Dumnezeu. Nu cedeaz\u0103 la lupte pentru c\u0103 Dumnezeu nu ne vrea drep\u021bi, ne vrea smeri\u021bi. De aceea, dac\u0103 i se pare Lui, oric\u00e2t de buni am fi, c\u0103 ne \u00een\u0103l\u021b\u0103m un pic, ne \u00eeng\u0103duie ceva, o c\u0103dere, o smerenie, ceva, ca s\u0103 nu ne \u00een\u0103l\u021b\u0103m cu mintea c\u0103 ceea ce facem e realizarea noastr\u0103, c\u00e2nd de fapt totul e cu harul lui Dumnezeu \u0219i cu bun\u0103tatea Lui\u201d, a spus p\u0103rintele Pimen Vlad.<\/p>","protected":false},"excerpt":{"rendered":"<p>\u00cen urm\u0103 cu ceva timp, p\u0103rintele Pimen a vorbit despre gre\u0219eala pe care o fac&hellip;<\/p>\n","protected":false},"author":0,"featured_media":32469,"comment_status":"open","ping_status":"open","sticky":false,"template":"","format":"standard","meta":{"footnotes":""},"categories":[2],"tags":[],"class_list":["post-32468","post","type-post","status-publish","format-standard","has-post-thumbnail","hentry","category-actual"],"_links":{"self":[{"href":"https:\/\/247stiri.ro\/index.php\/wp-json\/wp\/v2\/posts\/32468","targetHints":{"allow":["GET"]}}],"collection":[{"href":"https:\/\/247stiri.ro\/index.php\/wp-json\/wp\/v2\/posts"}],"about":[{"href":"https:\/\/247stiri.ro\/index.php\/wp-json\/wp\/v2\/types\/post"}],"replies":[{"embeddable":true,"href":"https:\/\/247stiri.ro\/index.php\/wp-json\/wp\/v2\/comments?post=32468"}],"version-history":[{"count":0,"href":"https:\/\/247stiri.ro\/index.php\/wp-json\/wp\/v2\/posts\/32468\/revisions"}],"wp:featuredmedia":[{"embeddable":true,"href":"https:\/\/247stiri.ro\/index.php\/wp-json\/wp\/v2\/media\/32469"}],"wp:attachment":[{"href":"https:\/\/247stiri.ro\/index.php\/wp-json\/wp\/v2\/media?parent=32468"}],"wp:term":[{"taxonomy":"category","embeddable":true,"href":"https:\/\/247stiri.ro\/index.php\/wp-json\/wp\/v2\/categories?post=32468"},{"taxonomy":"post_tag","embeddable":true,"href":"https:\/\/247stiri.ro\/index.php\/wp-json\/wp\/v2\/tags?post=32468"}],"curies":[{"name":"wp","href":"https:\/\/api.w.org\/{rel}","templated":true}]}}