{"id":32471,"date":"2025-02-17T20:44:58","date_gmt":"2025-02-17T20:44:58","guid":{"rendered":"https:\/\/247stiri.ro\/index.php\/2025\/02\/17\/mugur-isarescu-razboiul-comercial-intre-statele-unite-si-ue-ar-putea-avea-efecte-negative-importante-si-asupra-romaniei\/"},"modified":"2025-02-17T20:44:58","modified_gmt":"2025-02-17T20:44:58","slug":"mugur-isarescu-razboiul-comercial-intre-statele-unite-si-ue-ar-putea-avea-efecte-negative-importante-si-asupra-romaniei","status":"publish","type":"post","link":"https:\/\/247stiri.ro\/index.php\/2025\/02\/17\/mugur-isarescu-razboiul-comercial-intre-statele-unite-si-ue-ar-putea-avea-efecte-negative-importante-si-asupra-romaniei\/","title":{"rendered":"Mugur Is\u0103rescu: \u201eR\u0103zboiul comercial \u00eentre Statele Unite \u0219i UE ar putea avea efecte negative importante \u0219i asupra Rom\u00e2niei"},"content":{"rendered":"<p>Guvernatorul B\u0103ncii Na\u021bionale a Rom\u00e2niei, Mugur Is\u0103rescu, afirm\u0103 c\u0103 un eventual r\u0103zboi comercial \u00eentre Statele Unite \u0219i Uniunea European\u0103 ar putea avea efecte negative importante, inclusiv asupra \u021b\u0103rii noastre. El afirm\u0103 c\u0103 impactul asupra Rom\u00e2niei ar putea fi amplificat \u0219i de faptul c\u0103 este a\u0219teptat\u0103 \u00een acest an o stagnare a consumului.<\/p>\n<p>\u201e\u00cen Europa nu va fi numai un impact infla\u021bionist, un eventual r\u0103zboi comercial cred c\u0103 va crea recesiune \u0219i atunci lucrurile chiar se complic\u0103. Anul trecut am avut o cre\u0219tere masiv\u0103 a consumului \u0219i nu s-a dus \u00een cre\u0219tere economic\u0103, s-a dus \u00een importuri. Anul acesta, chiar dac\u0103 consumul stagneaz\u0103 sau cre\u0219te foarte pu\u021bin, o cre\u0219tere a absorb\u021biei banilor europeni \u0219i a investi\u021biilor pe baz\u0103 de fonduri europene poate s\u0103 duc\u0103 la cre\u0219tere economic\u0103\u201d, spune Is\u0103rescu.<\/p>\n<p>\u00a0Ast\u0103zi, \u0219i pre\u0219edintele B\u0103ncii Centrale a Germaniei a afirmat c\u0103 \u021bara sa, \u00een mod particular, va avea de suferit \u00een urma taxelor vamale pe care pre\u0219edintele american Donald Trump vrea s\u0103 le impun\u0103 UE. Joachim Nagel a afirmat c\u0103 vulnerabilitatea Berlinului \u021bine de faptul c\u0103 produc\u021bia industrial\u0103 este orientat\u0103 spre export. Responsabilul german \u021bine \u00eens\u0103 s\u0103 adauge c\u0103 \u0219i Statele Unite vor avea de suferit \u00een urma taxelor vamale, pentru c\u0103 ele duc la costuri mai mari pentru foarte multe produse \u0219i la o sc\u0103dere a puterii de cump\u0103rare.<\/p>","protected":false},"excerpt":{"rendered":"<p>Guvernatorul B\u0103ncii Na\u021bionale a Rom\u00e2niei, Mugur Is\u0103rescu, afirm\u0103 c\u0103 un eventual r\u0103zboi comercial \u00eentre Statele&hellip;<\/p>\n","protected":false},"author":0,"featured_media":32472,"comment_status":"open","ping_status":"open","sticky":false,"template":"","format":"standard","meta":{"footnotes":""},"categories":[2],"tags":[],"class_list":["post-32471","post","type-post","status-publish","format-standard","has-post-thumbnail","hentry","category-actual"],"_links":{"self":[{"href":"https:\/\/247stiri.ro\/index.php\/wp-json\/wp\/v2\/posts\/32471","targetHints":{"allow":["GET"]}}],"collection":[{"href":"https:\/\/247stiri.ro\/index.php\/wp-json\/wp\/v2\/posts"}],"about":[{"href":"https:\/\/247stiri.ro\/index.php\/wp-json\/wp\/v2\/types\/post"}],"replies":[{"embeddable":true,"href":"https:\/\/247stiri.ro\/index.php\/wp-json\/wp\/v2\/comments?post=32471"}],"version-history":[{"count":0,"href":"https:\/\/247stiri.ro\/index.php\/wp-json\/wp\/v2\/posts\/32471\/revisions"}],"wp:featuredmedia":[{"embeddable":true,"href":"https:\/\/247stiri.ro\/index.php\/wp-json\/wp\/v2\/media\/32472"}],"wp:attachment":[{"href":"https:\/\/247stiri.ro\/index.php\/wp-json\/wp\/v2\/media?parent=32471"}],"wp:term":[{"taxonomy":"category","embeddable":true,"href":"https:\/\/247stiri.ro\/index.php\/wp-json\/wp\/v2\/categories?post=32471"},{"taxonomy":"post_tag","embeddable":true,"href":"https:\/\/247stiri.ro\/index.php\/wp-json\/wp\/v2\/tags?post=32471"}],"curies":[{"name":"wp","href":"https:\/\/api.w.org\/{rel}","templated":true}]}}