{"id":32473,"date":"2025-02-17T20:44:59","date_gmt":"2025-02-17T20:44:59","guid":{"rendered":"https:\/\/247stiri.ro\/index.php\/2025\/02\/17\/inregistrari-explozive-din-sala-de-judecata-discursul-istoric-al-lui-calin-georgescu-video\/"},"modified":"2025-02-17T20:44:59","modified_gmt":"2025-02-17T20:44:59","slug":"inregistrari-explozive-din-sala-de-judecata-discursul-istoric-al-lui-calin-georgescu-video","status":"publish","type":"post","link":"https:\/\/247stiri.ro\/index.php\/2025\/02\/17\/inregistrari-explozive-din-sala-de-judecata-discursul-istoric-al-lui-calin-georgescu-video\/","title":{"rendered":"\u00cenregistr\u0103ri explozive din sala de judecat\u0103. Discursul istoric al lui C\u0103lin Georgescu\u00a0VIDEO"},"content":{"rendered":"<p>Pre\u0219edintele ales a \u021binut un discurs exploziv \u00een fa\u021ba judec\u0103torilor \u0219i s-a \u00eentrebat retoric unde sunt probele pentru care, cel mai important lucru, poporul roman a fost viciat de alegeri libere.\u00a0<\/p>\n<p>\u00a0<\/p>\n\n<p>C\u0103lin Georgescu cere CCR s\u0103 decid\u0103 organizarea unui nou scrutin preziden\u0163ial. \u00cen absen\u0163a unei decizii favorabile p\u00e2n\u0103 vineri, 21 februarie, sus\u0163in\u0103torii s\u0103i sunt chema\u0163i s\u0103 se adune s\u00e2mb\u0103t\u0103 \u00een Pia\u0163a Constitu\u0163iei din Bucure\u015fti, loca\u0163ie pe care candidatul o consider\u0103 simbolic\u0103 pentru demersul s\u0103u.<\/p>\n<p>\u00cen interven\u0163ia sa la Realitatea TV, Georgescu a solicitat institu\u0163iilor abilitate s\u0103 prezinte \u00een cel mai scurt timp la CCR eventualele probe care ar justifica respingerea candidaturii sale. \u00cen cazul lipsei unor astfel de dovezi concrete, acesta a anun\u0163at c\u0103 va ini\u0163ia o investiga\u0163ie.<\/p>\n<p>Pentru ziua de s\u00e2mb\u0103t\u0103, 22 februarie, \u00een eventualitatea \u00een care solicit\u0103rile sale nu vor fi solu\u0163ionate favorabil, candidatul a anun\u0163at organizarea unei ac\u0163iuni de str\u00e2ngere de semn\u0103turi \u00een Pia\u0163a Constitu\u0163iei, \u00eencep\u00e2nd cu ora 11:00.<\/p>","protected":false},"excerpt":{"rendered":"<p>Pre\u0219edintele ales a \u021binut un discurs exploziv \u00een fa\u021ba judec\u0103torilor \u0219i s-a \u00eentrebat retoric unde&hellip;<\/p>\n","protected":false},"author":0,"featured_media":32467,"comment_status":"open","ping_status":"open","sticky":false,"template":"","format":"standard","meta":{"footnotes":""},"categories":[2],"tags":[],"class_list":["post-32473","post","type-post","status-publish","format-standard","has-post-thumbnail","hentry","category-actual"],"_links":{"self":[{"href":"https:\/\/247stiri.ro\/index.php\/wp-json\/wp\/v2\/posts\/32473","targetHints":{"allow":["GET"]}}],"collection":[{"href":"https:\/\/247stiri.ro\/index.php\/wp-json\/wp\/v2\/posts"}],"about":[{"href":"https:\/\/247stiri.ro\/index.php\/wp-json\/wp\/v2\/types\/post"}],"replies":[{"embeddable":true,"href":"https:\/\/247stiri.ro\/index.php\/wp-json\/wp\/v2\/comments?post=32473"}],"version-history":[{"count":0,"href":"https:\/\/247stiri.ro\/index.php\/wp-json\/wp\/v2\/posts\/32473\/revisions"}],"wp:featuredmedia":[{"embeddable":true,"href":"https:\/\/247stiri.ro\/index.php\/wp-json\/wp\/v2\/media\/32467"}],"wp:attachment":[{"href":"https:\/\/247stiri.ro\/index.php\/wp-json\/wp\/v2\/media?parent=32473"}],"wp:term":[{"taxonomy":"category","embeddable":true,"href":"https:\/\/247stiri.ro\/index.php\/wp-json\/wp\/v2\/categories?post=32473"},{"taxonomy":"post_tag","embeddable":true,"href":"https:\/\/247stiri.ro\/index.php\/wp-json\/wp\/v2\/tags?post=32473"}],"curies":[{"name":"wp","href":"https:\/\/api.w.org\/{rel}","templated":true}]}}