{"id":32487,"date":"2025-02-17T21:47:49","date_gmt":"2025-02-17T21:47:49","guid":{"rendered":"https:\/\/247stiri.ro\/index.php\/2025\/02\/17\/traian-basescu-despre-marcel-ciolacu-e-ridicol-sa-ti-pierzi-vremea-pe-tiktok-sa-mananci-sarmale-sa-dai-jos-pisici\/"},"modified":"2025-02-17T21:47:49","modified_gmt":"2025-02-17T21:47:49","slug":"traian-basescu-despre-marcel-ciolacu-e-ridicol-sa-ti-pierzi-vremea-pe-tiktok-sa-mananci-sarmale-sa-dai-jos-pisici","status":"publish","type":"post","link":"https:\/\/247stiri.ro\/index.php\/2025\/02\/17\/traian-basescu-despre-marcel-ciolacu-e-ridicol-sa-ti-pierzi-vremea-pe-tiktok-sa-mananci-sarmale-sa-dai-jos-pisici\/","title":{"rendered":"Traian B\u0103sescu, despre Marcel Ciolacu: \u201eE ridicol s\u0103-\u0163i pierzi vremea pe TikTok, s\u0103 m\u00e2n\u00e2nci sarmale, s\u0103 dai jos pisici\u201d"},"content":{"rendered":"<p>\u201dAr fi foarte important ca domnul Ciolacu s\u0103-\u015fi asume o mare responsabilitate pentru \u0163ar\u0103 \u015fi anume s\u0103 plece imediat din func\u0163ia de premier. Este discreditat, el se ocup\u0103 de pisici, c\u00e2nd \u00eel cau\u0163i, \u00eel vezi cu McDonald\u2019s \u00eenfulec\u00e2nd. C\u00e2nd cump\u0103r\u0103 covrigi, el m\u0103n\u00e2nc\u0103 covrigul \u015fi popula\u0163iei \u00eei d\u0103 mijlocul. Deci e foarte important ca domnul Ciolacu s\u0103 plece \u015fi s\u0103 vin\u0103 un premier capabil s\u0103 tracteze \u0163ara!\u201d, a declarat Traian B\u0103sescu, luni sear\u0103, la un post TV.<\/p>\n<p><a href=\"https:\/\/www.realitatea.net\/stiri\/actual\/ciolacu-sa-transformat-in-catarator-de-ocazie-ca-sa-isi-salveze-pisica-si-sasi-mai-imbunatateasca-imaginea-publica_67b085ee3c9b8e41855ca643\" target=\"_blank\">Ciolacu s-a transformat \u00een c\u0103\u021b\u0103r\u0103tor de ocazie ca s\u0103 \u00ee\u0219i salveze pisica \u0219i s\u0103-\u0219i mai \u00eembun\u0103t\u0103\u021beasc\u0103 imaginea public\u0103<\/a><\/p>\n<p>Fostul pre\u015fedinte al Rom\u00e2niei cred c\u0103 \u201dCiolacu trebuie s\u0103 plece (&#8230;) func\u0163ia e mult prea mare pentru el\u201d.<\/p>\n<p>\u201dEl n-a \u00een\u0163eles nici c\u0103\u00a0\u00eengroap\u0103 \u0163ara\u00a0din punct de vedere economic cu toate m\u0103surile de anul trecut, nu \u00een\u0163elege nici acum gravitatea pe care o are Rom\u00e2nia. E ridicol s\u0103-\u0163i pierzi vremea pe TikTok, s\u0103 m\u00e2n\u00e2nci sarmale, s\u0103 dai jos pisici (&#8230;) E de groaz\u0103 \u00een ce situa\u0163ie suntem\u2026\u201d, a mai declarat B\u0103sescu.<\/p>\n<p>Potrivit acestuia, \u201dCiolacu nu poate tracta politica extern\u0103\u201d.<\/p>\n<p>\u00a0<\/p>\n<p>\u201dNu \u015ftiu \u00een ce m\u0103sur\u0103 o poate face domnul Bolojan, care are \u00een misiune acest lucru, dar e interimar, iar o schimbare a premierului se poate face \u00een 48 de ore dac\u0103 partidele se \u00een\u0163eleg \u015fi dac\u0103 Ciolacu va \u00een\u0163elege c\u0103 nu poate duce func\u0163ia asta \u00een momente de cump\u0103n\u0103 pentru Rom\u00e2nia\u201d, a mai declarat fostul pre\u015fedinte.<\/p>","protected":false},"excerpt":{"rendered":"<p>\u201dAr fi foarte important ca domnul Ciolacu s\u0103-\u015fi asume o mare responsabilitate pentru \u0163ar\u0103 \u015fi&hellip;<\/p>\n","protected":false},"author":0,"featured_media":32484,"comment_status":"open","ping_status":"open","sticky":false,"template":"","format":"standard","meta":{"footnotes":""},"categories":[2],"tags":[],"class_list":["post-32487","post","type-post","status-publish","format-standard","has-post-thumbnail","hentry","category-actual"],"_links":{"self":[{"href":"https:\/\/247stiri.ro\/index.php\/wp-json\/wp\/v2\/posts\/32487","targetHints":{"allow":["GET"]}}],"collection":[{"href":"https:\/\/247stiri.ro\/index.php\/wp-json\/wp\/v2\/posts"}],"about":[{"href":"https:\/\/247stiri.ro\/index.php\/wp-json\/wp\/v2\/types\/post"}],"replies":[{"embeddable":true,"href":"https:\/\/247stiri.ro\/index.php\/wp-json\/wp\/v2\/comments?post=32487"}],"version-history":[{"count":0,"href":"https:\/\/247stiri.ro\/index.php\/wp-json\/wp\/v2\/posts\/32487\/revisions"}],"wp:featuredmedia":[{"embeddable":true,"href":"https:\/\/247stiri.ro\/index.php\/wp-json\/wp\/v2\/media\/32484"}],"wp:attachment":[{"href":"https:\/\/247stiri.ro\/index.php\/wp-json\/wp\/v2\/media?parent=32487"}],"wp:term":[{"taxonomy":"category","embeddable":true,"href":"https:\/\/247stiri.ro\/index.php\/wp-json\/wp\/v2\/categories?post=32487"},{"taxonomy":"post_tag","embeddable":true,"href":"https:\/\/247stiri.ro\/index.php\/wp-json\/wp\/v2\/tags?post=32487"}],"curies":[{"name":"wp","href":"https:\/\/api.w.org\/{rel}","templated":true}]}}