{"id":32493,"date":"2025-02-17T21:47:50","date_gmt":"2025-02-17T21:47:50","guid":{"rendered":"https:\/\/247stiri.ro\/index.php\/2025\/02\/17\/traian-basescu-il-demoleaza-pe-ilie-bolojan-dupa-ce-s-a-instalat-la-propriu-la-cotroceni-isi-face-omleta-dimineata-face-si-de-un-laptic\/"},"modified":"2025-02-17T21:47:50","modified_gmt":"2025-02-17T21:47:50","slug":"traian-basescu-il-demoleaza-pe-ilie-bolojan-dupa-ce-s-a-instalat-la-propriu-la-cotroceni-isi-face-omleta-dimineata-face-si-de-un-laptic","status":"publish","type":"post","link":"https:\/\/247stiri.ro\/index.php\/2025\/02\/17\/traian-basescu-il-demoleaza-pe-ilie-bolojan-dupa-ce-s-a-instalat-la-propriu-la-cotroceni-isi-face-omleta-dimineata-face-si-de-un-laptic\/","title":{"rendered":"Traian B\u0103sescu \u00eel demoleaz\u0103 pe Ilie Bolojan dup\u0103 ce s-a instalat, la propriu, la Cotroceni: \u201d\u00ce\u0219i face omleta diminea\u021b\u0103, face \u0219i de un l\u0103ptic\u201d"},"content":{"rendered":"<p>Traian B\u0103sescu l-a ironizat pe <a href=\"https:\/\/www.realitatea.net\/stiri\/actual\/ilie-bolojan-intalnire-de-urgenta-cu-mugur-isarescu-ce-a-discutat-presedintele-interimar-cu-seful-bnr_67b36e6fe18fd123d7092d78\" target=\"_blank\">Ilie Bolojan<\/a> \u0219i a subliniat c\u0103 nu \u00ee\u0219i poate imagina un pre\u0219edinte care \u00ee\u0219i face du\u0219 sau omlet\u0103 diminea\u021ba la Palatul Cotroceni.\u00a0<\/p>\n<p>\u201dEu nu-mi pot imagina re\u0219edin\u021ba pre\u0219edin\u021bilor Rom\u00e2niei cu un pre\u0219edinte care-\u0219i face du\u0219ul diminea\u021ba pe acolo, umbl\u0103 cu prosopul \u00een jurul bustului \u0219i a\u0219a mai departe. E incredibil ce i-a dat prin cap, s\u0103-\u0219i fac\u0103 re\u0219edin\u021ba acolo\u2026 \u00ce\u0219i face omleta diminea\u021b\u0103, face \u0219i de un l\u0103ptic&#8230;\u201d, a declarat fostul pre\u0219edinte al Rom\u00e2niei.\u00a0<\/p>\n<p>C\u00e2t despre faptul c\u0103 Rom\u00e2nia nu este reprezentat\u0103 la summitul liderilor europeni convocat de Emmanuel Macron la Paris, Traian B\u0103sescu a transmis c\u0103 nu \u00eei poate repro\u0219a acest e\u0219ec diplomatic lui Ilie Bolojan.\u00a0<\/p>\n<p>\u201dBun, nu-i putem repro\u0219a nimic dlui Bolojan, c\u0103 e proasp\u0103t venit, dar ministrului de Externe da \u0219i foarte probabil nu numai ministrului de Externe, c\u0103 \u00een Fran\u021ba avem un ambasador. N-avea dreptul s\u0103 nu \u0219tie \u0219i s\u0103 nu alerteze centrala c\u0103 se produce un minisummit cu cei mai importan\u021bi. Rom\u00e2nia chiar e important\u0103!\u201d, a mai spus Traian B\u0103sescu.<\/p>\n<p>Fostul lider de la Cotroceni este de p\u0103rere c\u0103 Emil Hurezeanu, ministrul de Externe, \u0219i Ioana Bivolaru, ambasadoarea Rom\u00e2niei \u00een Fran\u021ba, sunt vinova\u021bi pentru faptul c\u0103 \u021bara noastr\u0103 nu este reprezentat\u0103 la summitul de Paris.\u00a0<\/p>\n<p>\u201dSe \u00eencearc\u0103 ni\u0219te explica\u021bii f\u0103r\u0103 niciun Dumnezeu, adic\u0103 se face de r\u00e2s \u0219i ministrul de Externe, dnul Hurezeanu, care oricum e \u00eentr-o pozi\u021bie care nu i se potrive\u0219te deloc. Ne trebuie un ministru de Externe dur, care s\u0103 \u0219tie meserie \u0219i are mult\u0103 experien\u021b\u0103 \u00een negocieri. Iar dl Diaconescu m\u0103 surprinde cu explica\u021bia pe care o d\u0103, dar probabil \u00eencearc\u0103 s\u0103-l apere pe dl pre\u0219edinte (Bolojan).<\/p>\n<p>\u00cen ce prive\u0219te delegarea reprezent\u0103rii noastre de c\u0103tre Polonia, afirma\u021bia e de un ridicol total. \u00cen zece ani c\u00e2t am avut mandatul de pre\u0219edinte al Rom\u00e2niei, nu mi s-a \u00eent\u00e2mplat vreodat\u0103 s\u0103 deleg\u0103m vreunul alt stat, nici m\u0103car SUA, s\u0103 ne reprezinte. Ne-am reprezentat singuri!\u201d, a transmis Traian B\u0103sescu.<\/p>","protected":false},"excerpt":{"rendered":"<p>Traian B\u0103sescu l-a ironizat pe Ilie Bolojan \u0219i a subliniat c\u0103 nu \u00ee\u0219i poate imagina&hellip;<\/p>\n","protected":false},"author":0,"featured_media":32486,"comment_status":"open","ping_status":"open","sticky":false,"template":"","format":"standard","meta":{"footnotes":""},"categories":[2],"tags":[],"class_list":["post-32493","post","type-post","status-publish","format-standard","has-post-thumbnail","hentry","category-actual"],"_links":{"self":[{"href":"https:\/\/247stiri.ro\/index.php\/wp-json\/wp\/v2\/posts\/32493","targetHints":{"allow":["GET"]}}],"collection":[{"href":"https:\/\/247stiri.ro\/index.php\/wp-json\/wp\/v2\/posts"}],"about":[{"href":"https:\/\/247stiri.ro\/index.php\/wp-json\/wp\/v2\/types\/post"}],"replies":[{"embeddable":true,"href":"https:\/\/247stiri.ro\/index.php\/wp-json\/wp\/v2\/comments?post=32493"}],"version-history":[{"count":0,"href":"https:\/\/247stiri.ro\/index.php\/wp-json\/wp\/v2\/posts\/32493\/revisions"}],"wp:featuredmedia":[{"embeddable":true,"href":"https:\/\/247stiri.ro\/index.php\/wp-json\/wp\/v2\/media\/32486"}],"wp:attachment":[{"href":"https:\/\/247stiri.ro\/index.php\/wp-json\/wp\/v2\/media?parent=32493"}],"wp:term":[{"taxonomy":"category","embeddable":true,"href":"https:\/\/247stiri.ro\/index.php\/wp-json\/wp\/v2\/categories?post=32493"},{"taxonomy":"post_tag","embeddable":true,"href":"https:\/\/247stiri.ro\/index.php\/wp-json\/wp\/v2\/tags?post=32493"}],"curies":[{"name":"wp","href":"https:\/\/api.w.org\/{rel}","templated":true}]}}